{"id":11117,"date":"2021-06-01T10:02:24","date_gmt":"2021-06-01T08:02:24","guid":{"rendered":"https:\/\/www.kuebler-sport.de\/blog\/?p=11117"},"modified":"2026-01-27T09:44:14","modified_gmt":"2026-01-27T08:44:14","slug":"leichtathletik-startblocke","status":"publish","type":"post","link":"https:\/\/www.kuebler-sport.de\/blog\/leichtathletik-startblocke\/","title":{"rendered":"Der Tiefstart in der Leichtathletik: Auf die Startbl\u00f6cke, fertig, los!"},"content":{"rendered":"\n<p><a href=\"https:\/\/www.kuebler-sport.de\/leichtathletik\/staffellauf\/startbloecke\/\">Startbl\u00f6cke<\/a>, auch Startschienen genannt, sind in der <a href=\"https:\/\/www.kuebler-sport.de\/leichtathletik\/\">Leichtathletik<\/a>, ob im Schulsport oder bei internationalen Wettk\u00e4mpfen, nicht mehr wegzudenken. 1937 erlaubte der Leichtathletik-Sportverband World Athletics erstmalig die Verwendung von Startbl\u00f6cken f\u00fcr den Tiefstart. Davor wurden noch L\u00f6cher f\u00fcr die Tiefstart-Position von den Athleten gegraben \u2013 daher auch die Redensart \u201eIn den Startl\u00f6chern sitzen\u201c. Diese Zeiten sind vorbei, wenn auch die Redensart und die optimale Technik des Tiefstarts bleibt. Erfahre im Magazinbeitrag, was es mit den Startbl\u00f6cken auf sich hat und wie ein richtig ausgef\u00fchrter Tiefstart aus dem Startblock auszusehen hat.<\/p>\n\n\n\n<h2 class=\"wp-block-heading\">Wieso&nbsp;gibt&nbsp;es&nbsp;Startbl\u00f6cke in der Leichtathletik?<\/h2>\n\n\n\n<p>Startbl\u00f6cke verhelfen dem Athleten zu einem kr\u00e4ftigen Abtritt und infolgedessen zu einer hohen Beschleunigung in der Startphase des Sprints. Die Startvorrichtung dient damit als Hilfestellung f\u00fcr einen hohen Wirkungsgrad, sodass weniger der eingesetzten Energie verloren geht. Erlaubt \u2013 und zus\u00e4tzlich vorgeschrieben \u2013 sind Startbl\u00f6cke allerdings nur bei Sprintstrecken bis einschlie\u00dflich 400 Metern. Bei l\u00e4ngeren Strecken erfolgt in der Leichtathletik der Hochstart. F\u00fcr Wettk\u00e4mpfe aller Art m\u00fcssen die Startbl\u00f6cke vom Weltleichtathletikverband IAAF zertifiziert sein.<\/p>\n\n\n\n<h2 class=\"wp-block-heading\">Den Startblock startklar machen<\/h2>\n\n\n\n<h3 class=\"wp-block-heading\">Wie wird ein Startblock auf der Bahn befestigt?<\/h3>\n\n\n\n<p>Zun\u00e4chst einmal muss unterschieden werden zwischen Hallennutzung und Au\u00dfennutzung auf einer Tartanbahn oder Aschenbahn.<\/p>\n\n\n\n<p>Auf der Tartanbahn sorgen Spikes, die an der Unterseite der Startschiene angebracht sind, f\u00fcr einen unbeweglichen sicheren Stand. Bei der Aschenbahn kommen zus\u00e4tzlich Erdanker zum Einsatz. Da die spitzen Spikes bei Unachtsamkeit durchaus zu Unf\u00e4llen f\u00fchren k\u00f6nnen, empfiehlt sich ein Startblock-St\u00e4nder f\u00fcr eine sichere Aufbewahrung und den Transport bis zum Einsatzort und zur\u00fcck.<\/p>\n\n\n\n<div class=\"wp-block-columns is-layout-flex wp-container-core-columns-is-layout-9d6595d7 wp-block-columns-is-layout-flex\">\n<div class=\"wp-block-column is-layout-flow wp-block-column-is-layout-flow\">\n<figure class=\"wp-block-image size-large is-resized\"><img loading=\"lazy\" decoding=\"async\" width=\"1024\" height=\"768\" src=\"https:\/\/www.kuebler-sport.de\/blog\/wp-content\/uploads\/2021\/05\/L2640_00-1-1024x768.jpg\" alt=\"Wettkampfstartblock Leichtathletik, IAAF zertifiziert\" class=\"wp-image-11123\" style=\"width:256px;height:192px\" srcset=\"https:\/\/www.kuebler-sport.de\/blog\/wp-content\/uploads\/2021\/05\/L2640_00-1-1024x768.jpg 1024w, https:\/\/www.kuebler-sport.de\/blog\/wp-content\/uploads\/2021\/05\/L2640_00-1-300x225.jpg 300w, https:\/\/www.kuebler-sport.de\/blog\/wp-content\/uploads\/2021\/05\/L2640_00-1-768x576.jpg 768w, https:\/\/www.kuebler-sport.de\/blog\/wp-content\/uploads\/2021\/05\/L2640_00-1-1536x1152.jpg 1536w, https:\/\/www.kuebler-sport.de\/blog\/wp-content\/uploads\/2021\/05\/L2640_00-1-scaled.jpg 2048w, https:\/\/www.kuebler-sport.de\/blog\/wp-content\/uploads\/2021\/05\/L2640_00-1-696x522.jpg 696w, https:\/\/www.kuebler-sport.de\/blog\/wp-content\/uploads\/2021\/05\/L2640_00-1-1392x1044.jpg 1392w, https:\/\/www.kuebler-sport.de\/blog\/wp-content\/uploads\/2021\/05\/L2640_00-1-1068x801.jpg 1068w, https:\/\/www.kuebler-sport.de\/blog\/wp-content\/uploads\/2021\/05\/L2640_00-1-1920x1440.jpg 1920w, https:\/\/www.kuebler-sport.de\/blog\/wp-content\/uploads\/2021\/05\/L2640_00-1-560x420.jpg 560w, https:\/\/www.kuebler-sport.de\/blog\/wp-content\/uploads\/2021\/05\/L2640_00-1-1120x840.jpg 1120w, https:\/\/www.kuebler-sport.de\/blog\/wp-content\/uploads\/2021\/05\/L2640_00-1-80x60.jpg 80w, https:\/\/www.kuebler-sport.de\/blog\/wp-content\/uploads\/2021\/05\/L2640_00-1-160x120.jpg 160w, https:\/\/www.kuebler-sport.de\/blog\/wp-content\/uploads\/2021\/05\/L2640_00-1-265x198.jpg 265w\" sizes=\"auto, (max-width: 1024px) 100vw, 1024px\" \/><figcaption class=\"wp-element-caption\">Polanik\u00ae Startblock SUPER: Wettkampfstartblock aus Aluminium mit ergonomisch geformten verstellbaren Abdruckpedalen<\/figcaption><\/figure>\n<\/div>\n\n\n\n<div class=\"wp-block-column is-layout-flow wp-block-column-is-layout-flow\">\n<figure class=\"wp-block-image size-large is-resized\"><img loading=\"lazy\" decoding=\"async\" width=\"1024\" height=\"683\" src=\"https:\/\/www.kuebler-sport.de\/blog\/wp-content\/uploads\/2021\/05\/L2768_00-1024x683.jpg\" alt=\"Startblock f\u00fcr Leichtathletik in Schule und Verein\" class=\"wp-image-11124\" style=\"width:256px;height:171px\" srcset=\"https:\/\/www.kuebler-sport.de\/blog\/wp-content\/uploads\/2021\/05\/L2768_00-1024x683.jpg 1024w, https:\/\/www.kuebler-sport.de\/blog\/wp-content\/uploads\/2021\/05\/L2768_00-300x200.jpg 300w, https:\/\/www.kuebler-sport.de\/blog\/wp-content\/uploads\/2021\/05\/L2768_00-768x512.jpg 768w, https:\/\/www.kuebler-sport.de\/blog\/wp-content\/uploads\/2021\/05\/L2768_00-1536x1024.jpg 1536w, https:\/\/www.kuebler-sport.de\/blog\/wp-content\/uploads\/2021\/05\/L2768_00-scaled.jpg 2048w, https:\/\/www.kuebler-sport.de\/blog\/wp-content\/uploads\/2021\/05\/L2768_00-696x464.jpg 696w, https:\/\/www.kuebler-sport.de\/blog\/wp-content\/uploads\/2021\/05\/L2768_00-1392x928.jpg 1392w, https:\/\/www.kuebler-sport.de\/blog\/wp-content\/uploads\/2021\/05\/L2768_00-1068x712.jpg 1068w, https:\/\/www.kuebler-sport.de\/blog\/wp-content\/uploads\/2021\/05\/L2768_00-1920x1280.jpg 1920w, https:\/\/www.kuebler-sport.de\/blog\/wp-content\/uploads\/2021\/05\/L2768_00-630x420.jpg 630w, https:\/\/www.kuebler-sport.de\/blog\/wp-content\/uploads\/2021\/05\/L2768_00-1260x840.jpg 1260w\" sizes=\"auto, (max-width: 1024px) 100vw, 1024px\" \/><figcaption class=\"wp-element-caption\">Startschiene SCHOOL f\u00fcr das Training im Schulsport oder Verein mit zus\u00e4tzlichen Erdankern f\u00fcr die Aschenbahn.<\/figcaption><\/figure>\n<\/div>\n\n\n\n<div class=\"wp-block-column is-layout-flow wp-block-column-is-layout-flow\">\n<figure class=\"wp-block-image size-large is-resized\"><img loading=\"lazy\" decoding=\"async\" width=\"832\" height=\"1024\" src=\"https:\/\/www.kuebler-sport.de\/blog\/wp-content\/uploads\/2021\/05\/L2727_00-832x1024.jpg\" alt=\"Aufbewahrung Startblock Leichtathletik\" class=\"wp-image-11127\" style=\"width:208px;height:256px\" srcset=\"https:\/\/www.kuebler-sport.de\/blog\/wp-content\/uploads\/2021\/05\/L2727_00-832x1024.jpg 832w, https:\/\/www.kuebler-sport.de\/blog\/wp-content\/uploads\/2021\/05\/L2727_00-244x300.jpg 244w, https:\/\/www.kuebler-sport.de\/blog\/wp-content\/uploads\/2021\/05\/L2727_00-768x945.jpg 768w, https:\/\/www.kuebler-sport.de\/blog\/wp-content\/uploads\/2021\/05\/L2727_00-1248x1536.jpg 1248w, https:\/\/www.kuebler-sport.de\/blog\/wp-content\/uploads\/2021\/05\/L2727_00-scaled.jpg 1664w, https:\/\/www.kuebler-sport.de\/blog\/wp-content\/uploads\/2021\/05\/L2727_00-324x400.jpg 324w, https:\/\/www.kuebler-sport.de\/blog\/wp-content\/uploads\/2021\/05\/L2727_00-696x857.jpg 696w, https:\/\/www.kuebler-sport.de\/blog\/wp-content\/uploads\/2021\/05\/L2727_00-1392x1713.jpg 1392w, https:\/\/www.kuebler-sport.de\/blog\/wp-content\/uploads\/2021\/05\/L2727_00-1068x1315.jpg 1068w, https:\/\/www.kuebler-sport.de\/blog\/wp-content\/uploads\/2021\/05\/L2727_00-1920x2363.jpg 1920w, https:\/\/www.kuebler-sport.de\/blog\/wp-content\/uploads\/2021\/05\/L2727_00-341x420.jpg 341w, https:\/\/www.kuebler-sport.de\/blog\/wp-content\/uploads\/2021\/05\/L2727_00-682x840.jpg 682w\" sizes=\"auto, (max-width: 832px) 100vw, 832px\" \/><figcaption class=\"wp-element-caption\">Startblock-St\u00e4nder f\u00fcr die Aufbewahrung und den Transport von Startschienen.<\/figcaption><\/figure>\n<\/div>\n<\/div>\n\n\n\n<p>Hallenstartbl\u00f6cke haben eine Grundplatte mit rutschhemmender und bodenschonender Unterseite, eine zus\u00e4tzliche Befestigung auf dem Hallenboden ist nicht notwendig. Die Hallenstart-BlockX\u00ae sind f\u00fcr die Kinderleichtathletik konzipiert, sie bieten ebenfalls eine rutschfeste Unterseite und sind aufwandlos und kindergerecht sofort als Starthilfe einsatzbereit.<\/p>\n\n\n\n<div class=\"wp-block-columns is-layout-flex wp-container-core-columns-is-layout-9d6595d7 wp-block-columns-is-layout-flex\">\n<div class=\"wp-block-column is-layout-flow wp-block-column-is-layout-flow\">\n<figure class=\"wp-block-image size-large is-resized\"><img loading=\"lazy\" decoding=\"async\" width=\"1024\" height=\"768\" src=\"https:\/\/www.kuebler-sport.de\/blog\/wp-content\/uploads\/2021\/05\/L2608_00-1024x768.jpg\" alt=\"Startblock f\u00fcr Hallenboden\" class=\"wp-image-11125\" style=\"width:256px;height:192px\" srcset=\"https:\/\/www.kuebler-sport.de\/blog\/wp-content\/uploads\/2021\/05\/L2608_00-1024x768.jpg 1024w, https:\/\/www.kuebler-sport.de\/blog\/wp-content\/uploads\/2021\/05\/L2608_00-300x225.jpg 300w, https:\/\/www.kuebler-sport.de\/blog\/wp-content\/uploads\/2021\/05\/L2608_00-768x576.jpg 768w, https:\/\/www.kuebler-sport.de\/blog\/wp-content\/uploads\/2021\/05\/L2608_00-1536x1152.jpg 1536w, https:\/\/www.kuebler-sport.de\/blog\/wp-content\/uploads\/2021\/05\/L2608_00-scaled.jpg 2048w, https:\/\/www.kuebler-sport.de\/blog\/wp-content\/uploads\/2021\/05\/L2608_00-696x522.jpg 696w, https:\/\/www.kuebler-sport.de\/blog\/wp-content\/uploads\/2021\/05\/L2608_00-1392x1044.jpg 1392w, https:\/\/www.kuebler-sport.de\/blog\/wp-content\/uploads\/2021\/05\/L2608_00-1068x801.jpg 1068w, https:\/\/www.kuebler-sport.de\/blog\/wp-content\/uploads\/2021\/05\/L2608_00-1920x1440.jpg 1920w, https:\/\/www.kuebler-sport.de\/blog\/wp-content\/uploads\/2021\/05\/L2608_00-560x420.jpg 560w, https:\/\/www.kuebler-sport.de\/blog\/wp-content\/uploads\/2021\/05\/L2608_00-1120x840.jpg 1120w, https:\/\/www.kuebler-sport.de\/blog\/wp-content\/uploads\/2021\/05\/L2608_00-80x60.jpg 80w, https:\/\/www.kuebler-sport.de\/blog\/wp-content\/uploads\/2021\/05\/L2608_00-160x120.jpg 160w, https:\/\/www.kuebler-sport.de\/blog\/wp-content\/uploads\/2021\/05\/L2608_00-265x198.jpg 265w\" sizes=\"auto, (max-width: 1024px) 100vw, 1024px\" \/><figcaption class=\"wp-element-caption\">&nbsp;Hallenstartblock, ideal in der Sporthalle.<\/figcaption><\/figure>\n<\/div>\n\n\n\n<div class=\"wp-block-column is-layout-flow wp-block-column-is-layout-flow\">\n<figure class=\"wp-block-image size-large is-resized\"><img loading=\"lazy\" decoding=\"async\" width=\"1024\" height=\"390\" src=\"https:\/\/www.kuebler-sport.de\/blog\/wp-content\/uploads\/2021\/05\/L2755_A02-1024x390.jpg\" alt=\"Kinderleichtathletik Startblock\" class=\"wp-image-11128\" style=\"width:256px;height:98px\" srcset=\"https:\/\/www.kuebler-sport.de\/blog\/wp-content\/uploads\/2021\/05\/L2755_A02-1024x390.jpg 1024w, https:\/\/www.kuebler-sport.de\/blog\/wp-content\/uploads\/2021\/05\/L2755_A02-300x114.jpg 300w, https:\/\/www.kuebler-sport.de\/blog\/wp-content\/uploads\/2021\/05\/L2755_A02-768x293.jpg 768w, https:\/\/www.kuebler-sport.de\/blog\/wp-content\/uploads\/2021\/05\/L2755_A02-1536x586.jpg 1536w, https:\/\/www.kuebler-sport.de\/blog\/wp-content\/uploads\/2021\/05\/L2755_A02-scaled.jpg 2048w, https:\/\/www.kuebler-sport.de\/blog\/wp-content\/uploads\/2021\/05\/L2755_A02-696x265.jpg 696w, https:\/\/www.kuebler-sport.de\/blog\/wp-content\/uploads\/2021\/05\/L2755_A02-1392x531.jpg 1392w, https:\/\/www.kuebler-sport.de\/blog\/wp-content\/uploads\/2021\/05\/L2755_A02-1068x407.jpg 1068w, https:\/\/www.kuebler-sport.de\/blog\/wp-content\/uploads\/2021\/05\/L2755_A02-1920x732.jpg 1920w, https:\/\/www.kuebler-sport.de\/blog\/wp-content\/uploads\/2021\/05\/L2755_A02-1102x420.jpg 1102w\" sizes=\"auto, (max-width: 1024px) 100vw, 1024px\" \/><figcaption class=\"wp-element-caption\">BlockX\u00ae Hallenstart f\u00fcr den Einsatz in der Kinderleichtathletik.<\/figcaption><\/figure>\n<\/div>\n<\/div>\n\n\n<div class=\"lazyblock-cta-banner-Z2sBoAe wp-block-lazyblock-cta-banner\"><div class=\"cta-banner\">\r\n  <div class=\"cta-column\">\r\n    <div class=\"cta-title\">Startbl\u00f6cke im Shop finden<\/div>\r\n    <p class=\"cta-text\">Im K\u00fcbler Sport Onlineshop findest du eine gro\u00dfe Auswahl an Startbl\u00f6cken f\u00fcr die Leichtathletik.<\/p>\r\n  <\/div>\r\n  <div class=\"cta-buttonstandard\" style=\"margin-left: 18px;\">\r\n    <a href=\"https:\/\/www.kuebler-sport.de\/leichtathletik\/staffellauf\/startbloecke\/\" alt=\"Zum Shop\" title=\"Zum Shop\">Zum Shop<\/a>\r\n  <\/div>\r\n<\/div><\/div>\n\n\n<h3 class=\"wp-block-heading\">Wie wird der Startblock eingestellt?<\/h3>\n\n\n\n<p>Schritt f\u00fcr Schritt zur optimalen Position und Einstellung des Startblocks:<\/p>\n\n\n\n<figure class=\"wp-block-image size-large is-resized\"><img loading=\"lazy\" decoding=\"async\" width=\"1024\" height=\"508\" src=\"https:\/\/www.kuebler-sport.de\/blog\/wp-content\/uploads\/2021\/06\/starteinstellung-1-1024x508.jpg\" alt=\"Leichtathletik Startblock richtig einstellen\" class=\"wp-image-11303\" style=\"width:512px;height:254px\" srcset=\"https:\/\/www.kuebler-sport.de\/blog\/wp-content\/uploads\/2021\/06\/starteinstellung-1-1024x508.jpg 1024w, https:\/\/www.kuebler-sport.de\/blog\/wp-content\/uploads\/2021\/06\/starteinstellung-1-300x149.jpg 300w, https:\/\/www.kuebler-sport.de\/blog\/wp-content\/uploads\/2021\/06\/starteinstellung-1-768x381.jpg 768w, https:\/\/www.kuebler-sport.de\/blog\/wp-content\/uploads\/2021\/06\/starteinstellung-1-1536x762.jpg 1536w, https:\/\/www.kuebler-sport.de\/blog\/wp-content\/uploads\/2021\/06\/starteinstellung-1-scaled.jpg 2048w, https:\/\/www.kuebler-sport.de\/blog\/wp-content\/uploads\/2021\/06\/starteinstellung-1-696x346.jpg 696w, https:\/\/www.kuebler-sport.de\/blog\/wp-content\/uploads\/2021\/06\/starteinstellung-1-1392x691.jpg 1392w, https:\/\/www.kuebler-sport.de\/blog\/wp-content\/uploads\/2021\/06\/starteinstellung-1-1068x530.jpg 1068w, https:\/\/www.kuebler-sport.de\/blog\/wp-content\/uploads\/2021\/06\/starteinstellung-1-1920x953.jpg 1920w, https:\/\/www.kuebler-sport.de\/blog\/wp-content\/uploads\/2021\/06\/starteinstellung-1-846x420.jpg 846w, https:\/\/www.kuebler-sport.de\/blog\/wp-content\/uploads\/2021\/06\/starteinstellung-1-1692x840.jpg 1692w, https:\/\/www.kuebler-sport.de\/blog\/wp-content\/uploads\/2021\/06\/starteinstellung-1-324x160.jpg 324w, https:\/\/www.kuebler-sport.de\/blog\/wp-content\/uploads\/2021\/06\/starteinstellung-1-648x320.jpg 648w\" sizes=\"auto, (max-width: 1024px) 100vw, 1024px\" \/><figcaption class=\"wp-element-caption\"><em>Leichtathletik Startbl\u00f6cke richtig einstellen<\/em><\/figcaption><\/figure>\n\n\n\n<ol style=\"list-style-type:1\" class=\"wp-block-list\">\n<li>Zun\u00e4chst muss der richtige Abstand zwischen Startblock und Startlinie mittels der Fu\u00dfl\u00e4nge ermittelt werden. Stelle Dich dazu entgegen der Laufrichtung auf. Der Fu\u00df ber\u00fchrt die Startlinie mit der Ferse, die Mittelschiene wird nun auf H\u00f6he der Zehen beginnend gestellt.<\/li>\n\n\n\n<li>Nun m\u00fcssen die Spikes oder Erdanker unbeweglich mit der Bahn verankert werden. In der Regel gen\u00fcgt hier das eigene K\u00f6rpergewicht.<\/li>\n\n\n\n<li>Ermittle nun den st\u00e4rkeren Fu\u00df, denn er steht sp\u00e4ter vorne und ben\u00f6tigt die h\u00f6here Kraft w\u00e4hrend des Starts.<\/li>\n\n\n\n<li>Als n\u00e4chstes werden die Abst\u00e4nde der Bl\u00f6cke ermittelt. Beginne mit dem dominanten vorderen Fu\u00df. Als Faustformel gilt: Zwischen Startlinie und erster Fu\u00dfst\u00fctze sollten zwei Fu\u00dfl\u00e4ngen passen. Bei diesem Abstand m\u00fcsste nun in Startstellung das Knie knapp bis zur Startlinie reichen.<\/li>\n\n\n\n<li>Beim hinteren Fu\u00df wird genauso vorgegangen, bis auf dass hier drei Fu\u00dfl\u00e4ngen zwischen Startlinie und zweiter Fu\u00dfst\u00fctze liegen.<\/li>\n\n\n\n<li>Nun wird der Winkel der Bl\u00f6cke eingestellt. Der vordere Block wird etwas flacher eingestellt als der hintere Block. Eine allgemeing\u00fcltige Empfehlung f\u00fcr den perfekten Neigungswinkel gibt es allerdings nicht, hier entscheidet die eigene Pr\u00e4ferenz.<\/li>\n<\/ol>\n\n\n\n<h2 class=\"wp-block-heading\">Die richtige Tiefstart-Technik aus dem Startblock<\/h2>\n\n\n\n<p>Das Kommando \u201eAuf die Pl\u00e4tze, fertig, los\u201c dient beim Sprint der intuitiven Durchf\u00fchrung von Bewegungselementen, die f\u00fcr einen optimalen Laufstart hilfreich sind.<\/p>\n\n\n\n<h4 class=\"wp-block-heading\">\u201eAuf die Pl\u00e4tze\u201c \u2013 Kniende Startstellung im Startblock einnehmen<\/h4>\n\n\n\n<ul class=\"wp-block-list\">\n<li>Das starke Bein steht vorne, das hintere Knie ruht auf dem Boden.<\/li>\n\n\n\n<li>Die F\u00fc\u00dfe werden komplett auf den Bl\u00f6cken abgestellt, die Fu\u00dfspitzen ber\u00fchren nicht den Boden.<\/li>\n\n\n\n<li>Der Blick ist zum Boden gerichtet.<\/li>\n\n\n\n<li>Die Arme sind gestreckt und etwas mehr als schulterbreit, die H\u00e4nde werden vor der Startlinie senkrecht zu den Schultern positioniert.<\/li>\n<\/ul>\n\n\n\n<h4 class=\"wp-block-heading\">&nbsp;\u201eFertig\u201c \u2013 G\u00fcnstige Ausgangsposition: Becken anheben<\/h4>\n\n\n\n<ul class=\"wp-block-list\">\n<li>Das Becken wir auf \u00fcber Schulterh\u00f6he angehoben, sodass das vordere Knie einen Winkel von ca. 90\u00b0 einnimmt.<\/li>\n\n\n\n<li>Die Schultern gehen leicht \u00fcber die Position der H\u00e4nde hinaus.<\/li>\n\n\n\n<li>Der Blick ist zum Boden gerichtet, der Kopf ist in der Verl\u00e4ngerung der Wirbels\u00e4ule.<\/li>\n\n\n\n<li>Die F\u00fc\u00dfe werden fest in den Block gedr\u00fcckt, w\u00e4hrend eine ganzheitliche K\u00f6rperspannung gehalten wird.<\/li>\n<\/ul>\n\n\n\n<h4 class=\"wp-block-heading\">\u201eLos\u201c \u2013 Zum ersten Schritt abdr\u00fccken<\/h4>\n\n\n\n<ul class=\"wp-block-list\">\n<li>Die H\u00e4nde werden von Boden gel\u00f6st.<\/li>\n\n\n\n<li>Die Beine werden kraftvoll nach vorne abgedr\u00fcckt, der hintere Fu\u00df verl\u00e4sst zuerst impulsiv den Startblock.<\/li>\n<\/ul>\n\n\n\n<h4 class=\"wp-block-heading\">Erster Schritt<\/h4>\n\n\n\n<ul class=\"wp-block-list\">\n<li>Das hintere Bein geht in die Kniehub-Position.<\/li>\n\n\n\n<li>Ein Arm schwingt kr\u00e4ftig nach vorne bis auf K\u00f6pfh\u00f6he, der andere gegengleich nach hinten.<\/li>\n\n\n\n<li>Es entsteht kurzzeitig eine Sprinterfigur mit einer Neigung von ca. 45\u00b0 zum Boden mit einer vollst\u00e4ndigen Streckung der H\u00fcfte am Abdruckbein.<\/li>\n\n\n\n<li>Der Kopf bleibt weiterhin in Verl\u00e4ngerung der Wirbels\u00e4ule.<\/li>\n<\/ul>\n\n\n\n<h4 class=\"wp-block-heading\">Beschleunigung hin zur Zugphase<\/h4>\n\n\n\n<ul class=\"wp-block-list\">\n<li>Der Fu\u00dfballen f\u00fcr den ersten schnellen Schritt setzt auf.<\/li>\n\n\n\n<li>Die schwingenden Arme wechseln ihre Position.<\/li>\n\n\n\n<li>Die geneigte Oberk\u00f6rpervorlage geht langsam in die Aufrichtung des Rumpfs \u00fcber.<\/li>\n\n\n\n<li>Schrittl\u00e4nge und Schrittfrequenz nehmen allm\u00e4hlich zu, bis hin zur kompletten Aufrichtung des K\u00f6rpers.<\/li>\n<\/ul>\n","protected":false},"excerpt":{"rendered":"<p>Startbl\u00f6cke, auch Startschienen genannt, sind in der Leichtathletik, ob im Schulsport oder bei internationalen Wettk\u00e4mpfen, nicht mehr wegzudenken. 1937 erlaubte der Leichtathletik-Sportverband World Athletics erstmalig die Verwendung von Startbl\u00f6cken f\u00fcr den Tiefstart. Davor wurden noch L\u00f6cher f\u00fcr die Tiefstart-Position von den Athleten gegraben \u2013 daher auch die Redensart \u201eIn den Startl\u00f6chern sitzen\u201c. Diese Zeiten sind [&hellip;]<\/p>\n","protected":false},"author":13,"featured_media":17830,"comment_status":"closed","ping_status":"closed","sticky":false,"template":"","format":"standard","meta":{"footnotes":""},"categories":[1371,1368],"tags":[358,629,123],"class_list":{"0":"post-11117","1":"post","2":"type-post","3":"status-publish","4":"format-standard","5":"has-post-thumbnail","7":"category-sportstaetten-spielstaetten","8":"category-vereinssport-schulsport","9":"tag-kinderleichtathletik","10":"tag-laufen","11":"tag-leichtathletik"},"yoast_head":"<!-- This site is optimized with the Yoast SEO plugin v27.5 - https:\/\/yoast.com\/product\/yoast-seo-wordpress\/ -->\n<title>Leichtathletik: Auf die Startbl\u00f6cke, fertig, los! | K\u00fcbler Sport Magazin<\/title>\n<meta name=\"description\" content=\"Startbl\u00f6cke in der Leichtathletik: Die optimale Einstellung &amp; Tiefstart-Technik \u2013 anschauliche Schritt f\u00fcr Schritt-Anleitung \u261d\ufe0f\" \/>\n<meta name=\"robots\" content=\"index, follow, max-snippet:-1, max-image-preview:large, max-video-preview:-1\" \/>\n<link rel=\"canonical\" href=\"https:\/\/www.kuebler-sport.de\/blog\/leichtathletik-startblocke\/\" \/>\n<meta property=\"og:locale\" content=\"de_DE\" \/>\n<meta property=\"og:type\" content=\"article\" \/>\n<meta property=\"og:title\" content=\"Leichtathletik: Auf die Startbl\u00f6cke, fertig, los! | K\u00fcbler Sport Magazin\" \/>\n<meta property=\"og:description\" content=\"Startbl\u00f6cke in der Leichtathletik: Die optimale Einstellung &amp; Tiefstart-Technik \u2013 anschauliche Schritt f\u00fcr Schritt-Anleitung \u261d\ufe0f\" \/>\n<meta property=\"og:url\" content=\"https:\/\/www.kuebler-sport.de\/blog\/leichtathletik-startblocke\/\" \/>\n<meta property=\"og:site_name\" content=\"K\u00fcbler Sport Magazin\" \/>\n<meta property=\"article:publisher\" content=\"https:\/\/www.facebook.com\/KueblerSport\" \/>\n<meta property=\"article:published_time\" content=\"2021-06-01T08:02:24+00:00\" \/>\n<meta property=\"article:modified_time\" content=\"2026-01-27T08:44:14+00:00\" \/>\n<meta property=\"og:image\" content=\"https:\/\/www.kuebler-sport.de\/blog\/wp-content\/uploads\/2021\/06\/220722-8334-scaled.jpg\" \/>\n\t<meta property=\"og:image:width\" content=\"2560\" \/>\n\t<meta property=\"og:image:height\" content=\"1707\" \/>\n\t<meta property=\"og:image:type\" content=\"image\/jpeg\" \/>\n<meta name=\"author\" content=\"K\u00fcbler Sport Redaktion\" \/>\n<meta name=\"twitter:card\" content=\"summary_large_image\" \/>\n<meta name=\"twitter:creator\" content=\"@omkuebler\" \/>\n<meta name=\"twitter:label1\" content=\"Verfasst von\" \/>\n\t<meta name=\"twitter:data1\" content=\"K\u00fcbler Sport Redaktion\" \/>\n\t<meta name=\"twitter:label2\" content=\"Gesch\u00e4tzte Lesezeit\" \/>\n\t<meta name=\"twitter:data2\" content=\"6\u00a0Minuten\" \/>\n<!-- \/ Yoast SEO plugin. -->","yoast_head_json":{"title":"Leichtathletik: Auf die Startbl\u00f6cke, fertig, los! | K\u00fcbler Sport Magazin","description":"Startbl\u00f6cke in der Leichtathletik: Die optimale Einstellung & Tiefstart-Technik \u2013 anschauliche Schritt f\u00fcr Schritt-Anleitung \u261d\ufe0f","robots":{"index":"index","follow":"follow","max-snippet":"max-snippet:-1","max-image-preview":"max-image-preview:large","max-video-preview":"max-video-preview:-1"},"canonical":"https:\/\/www.kuebler-sport.de\/blog\/leichtathletik-startblocke\/","og_locale":"de_DE","og_type":"article","og_title":"Leichtathletik: Auf die Startbl\u00f6cke, fertig, los! | K\u00fcbler Sport Magazin","og_description":"Startbl\u00f6cke in der Leichtathletik: Die optimale Einstellung & Tiefstart-Technik \u2013 anschauliche Schritt f\u00fcr Schritt-Anleitung \u261d\ufe0f","og_url":"https:\/\/www.kuebler-sport.de\/blog\/leichtathletik-startblocke\/","og_site_name":"K\u00fcbler Sport Magazin","article_publisher":"https:\/\/www.facebook.com\/KueblerSport","article_published_time":"2021-06-01T08:02:24+00:00","article_modified_time":"2026-01-27T08:44:14+00:00","og_image":[{"width":2560,"height":1707,"url":"https:\/\/www.kuebler-sport.de\/blog\/wp-content\/uploads\/2021\/06\/220722-8334-scaled.jpg","type":"image\/jpeg"}],"author":"K\u00fcbler Sport Redaktion","twitter_card":"summary_large_image","twitter_creator":"@omkuebler","twitter_misc":{"Verfasst von":"K\u00fcbler Sport Redaktion","Gesch\u00e4tzte Lesezeit":"6\u00a0Minuten"},"schema":{"@context":"https:\/\/schema.org","@graph":[{"@type":"Article","@id":"https:\/\/www.kuebler-sport.de\/blog\/leichtathletik-startblocke\/#article","isPartOf":{"@id":"https:\/\/www.kuebler-sport.de\/blog\/leichtathletik-startblocke\/"},"author":{"name":"K\u00fcbler Sport Redaktion","@id":"https:\/\/www.kuebler-sport.de\/blog\/#\/schema\/person\/f430b57db08050d0bcac7d0013d41806"},"headline":"Der Tiefstart in der Leichtathletik: Auf die Startbl\u00f6cke, fertig, los!","datePublished":"2021-06-01T08:02:24+00:00","dateModified":"2026-01-27T08:44:14+00:00","mainEntityOfPage":{"@id":"https:\/\/www.kuebler-sport.de\/blog\/leichtathletik-startblocke\/"},"wordCount":909,"publisher":{"@id":"https:\/\/www.kuebler-sport.de\/blog\/#organization"},"image":{"@id":"https:\/\/www.kuebler-sport.de\/blog\/leichtathletik-startblocke\/#primaryimage"},"thumbnailUrl":"https:\/\/www.kuebler-sport.de\/blog\/wp-content\/uploads\/2021\/06\/220722-8334-scaled.jpg","keywords":["Kinderleichtathletik","Laufen","Leichtathletik"],"articleSection":["Sport- &amp; Spielst\u00e4tten","Vereins- &amp; Schulsport"],"inLanguage":"de"},{"@type":"WebPage","@id":"https:\/\/www.kuebler-sport.de\/blog\/leichtathletik-startblocke\/","url":"https:\/\/www.kuebler-sport.de\/blog\/leichtathletik-startblocke\/","name":"Leichtathletik: Auf die Startbl\u00f6cke, fertig, los! | K\u00fcbler Sport Magazin","isPartOf":{"@id":"https:\/\/www.kuebler-sport.de\/blog\/#website"},"primaryImageOfPage":{"@id":"https:\/\/www.kuebler-sport.de\/blog\/leichtathletik-startblocke\/#primaryimage"},"image":{"@id":"https:\/\/www.kuebler-sport.de\/blog\/leichtathletik-startblocke\/#primaryimage"},"thumbnailUrl":"https:\/\/www.kuebler-sport.de\/blog\/wp-content\/uploads\/2021\/06\/220722-8334-scaled.jpg","datePublished":"2021-06-01T08:02:24+00:00","dateModified":"2026-01-27T08:44:14+00:00","description":"Startbl\u00f6cke in der Leichtathletik: Die optimale Einstellung & Tiefstart-Technik \u2013 anschauliche Schritt f\u00fcr Schritt-Anleitung \u261d\ufe0f","breadcrumb":{"@id":"https:\/\/www.kuebler-sport.de\/blog\/leichtathletik-startblocke\/#breadcrumb"},"inLanguage":"de","potentialAction":[{"@type":"ReadAction","target":["https:\/\/www.kuebler-sport.de\/blog\/leichtathletik-startblocke\/"]}]},{"@type":"ImageObject","inLanguage":"de","@id":"https:\/\/www.kuebler-sport.de\/blog\/leichtathletik-startblocke\/#primaryimage","url":"https:\/\/www.kuebler-sport.de\/blog\/wp-content\/uploads\/2021\/06\/220722-8334-scaled.jpg","contentUrl":"https:\/\/www.kuebler-sport.de\/blog\/wp-content\/uploads\/2021\/06\/220722-8334-scaled.jpg","width":2560,"height":1707,"caption":"Sprint Schule"},{"@type":"BreadcrumbList","@id":"https:\/\/www.kuebler-sport.de\/blog\/leichtathletik-startblocke\/#breadcrumb","itemListElement":[{"@type":"ListItem","position":1,"name":"Startseite","item":"https:\/\/www.kuebler-sport.de\/blog\/"},{"@type":"ListItem","position":2,"name":"Der Tiefstart in der Leichtathletik: Auf die Startbl\u00f6cke, fertig, los!"}]},{"@type":"WebSite","@id":"https:\/\/www.kuebler-sport.de\/blog\/#website","url":"https:\/\/www.kuebler-sport.de\/blog\/","name":"K\u00fcbler Sport Magazin","description":"Wir leben den Sportsgeist!","publisher":{"@id":"https:\/\/www.kuebler-sport.de\/blog\/#organization"},"potentialAction":[{"@type":"SearchAction","target":{"@type":"EntryPoint","urlTemplate":"https:\/\/www.kuebler-sport.de\/blog\/?s={search_term_string}"},"query-input":{"@type":"PropertyValueSpecification","valueRequired":true,"valueName":"search_term_string"}}],"inLanguage":"de"},{"@type":"Organization","@id":"https:\/\/www.kuebler-sport.de\/blog\/#organization","name":"K\u00fcbler Sport","url":"https:\/\/www.kuebler-sport.de\/blog\/","logo":{"@type":"ImageObject","inLanguage":"de","@id":"https:\/\/www.kuebler-sport.de\/blog\/#\/schema\/logo\/image\/","url":"https:\/\/www.kuebler-sport.de\/blog\/wp-content\/uploads\/2024\/04\/Kuebler_Sport-Logo-rgb.png","contentUrl":"https:\/\/www.kuebler-sport.de\/blog\/wp-content\/uploads\/2024\/04\/Kuebler_Sport-Logo-rgb.png","width":738,"height":148,"caption":"K\u00fcbler Sport"},"image":{"@id":"https:\/\/www.kuebler-sport.de\/blog\/#\/schema\/logo\/image\/"},"sameAs":["https:\/\/www.facebook.com\/KueblerSport","https:\/\/www.instagram.com\/kueblersport\/","https:\/\/www.youtube.com\/c\/kuebler-sport-de","https:\/\/de.linkedin.com\/company\/k\u00fcbler-sport-gmbh"]},{"@type":"Person","@id":"https:\/\/www.kuebler-sport.de\/blog\/#\/schema\/person\/f430b57db08050d0bcac7d0013d41806","name":"K\u00fcbler Sport Redaktion","sameAs":["https:\/\/x.com\/omkuebler"]}]}},"_links":{"self":[{"href":"https:\/\/www.kuebler-sport.de\/blog\/wp-json\/wp\/v2\/posts\/11117","targetHints":{"allow":["GET"]}}],"collection":[{"href":"https:\/\/www.kuebler-sport.de\/blog\/wp-json\/wp\/v2\/posts"}],"about":[{"href":"https:\/\/www.kuebler-sport.de\/blog\/wp-json\/wp\/v2\/types\/post"}],"author":[{"embeddable":true,"href":"https:\/\/www.kuebler-sport.de\/blog\/wp-json\/wp\/v2\/users\/13"}],"replies":[{"embeddable":true,"href":"https:\/\/www.kuebler-sport.de\/blog\/wp-json\/wp\/v2\/comments?post=11117"}],"version-history":[{"count":6,"href":"https:\/\/www.kuebler-sport.de\/blog\/wp-json\/wp\/v2\/posts\/11117\/revisions"}],"predecessor-version":[{"id":33248,"href":"https:\/\/www.kuebler-sport.de\/blog\/wp-json\/wp\/v2\/posts\/11117\/revisions\/33248"}],"wp:featuredmedia":[{"embeddable":true,"href":"https:\/\/www.kuebler-sport.de\/blog\/wp-json\/wp\/v2\/media\/17830"}],"wp:attachment":[{"href":"https:\/\/www.kuebler-sport.de\/blog\/wp-json\/wp\/v2\/media?parent=11117"}],"wp:term":[{"taxonomy":"category","embeddable":true,"href":"https:\/\/www.kuebler-sport.de\/blog\/wp-json\/wp\/v2\/categories?post=11117"},{"taxonomy":"post_tag","embeddable":true,"href":"https:\/\/www.kuebler-sport.de\/blog\/wp-json\/wp\/v2\/tags?post=11117"}],"curies":[{"name":"wp","href":"https:\/\/api.w.org\/{rel}","templated":true}]}}