{"id":15050,"date":"2022-03-15T07:00:00","date_gmt":"2022-03-15T06:00:00","guid":{"rendered":"https:\/\/www.kuebler-sport.de\/blog\/?p=15050"},"modified":"2026-04-02T09:45:28","modified_gmt":"2026-04-02T07:45:28","slug":"sportrasenpflege","status":"publish","type":"post","link":"https:\/\/www.kuebler-sport.de\/blog\/sportrasenpflege\/","title":{"rendered":"Sportrasenpflege: Das gibt es zu beachten"},"content":{"rendered":"\n<p>Ein perfekt gepflegter Naturrasen freut jeden Breiten- und Freiluftsportler. Damit der Sportrasen allerdings gleichm\u00e4\u00dfig satt gr\u00fcn strahlt und seine angenehmen Spieleigenschaften auch im Dauereinsatz beh\u00e4lt, ist so einiges an Pflege notwendig, die \u00fcber das Jahr hinweg anf\u00e4llt. Eine kontinuierliche Sportrasenpflege zahlt sich jedoch auch in der Vereinskasse aus, denn langfristig werden kostspielige Instandsetzungsma\u00dfnahmen eingespart.<\/p>\n\n\n\n<figure class=\"wp-block-image size-large\"><img loading=\"lazy\" decoding=\"async\" width=\"1024\" height=\"768\" src=\"https:\/\/www.kuebler-sport.de\/blog\/wp-content\/uploads\/2022\/03\/pexels-roman-pohorecki-19664-1024x768.jpg\" alt=\"Sportrasen\" class=\"wp-image-15337\" srcset=\"https:\/\/www.kuebler-sport.de\/blog\/wp-content\/uploads\/2022\/03\/pexels-roman-pohorecki-19664-1024x768.jpg 1024w, https:\/\/www.kuebler-sport.de\/blog\/wp-content\/uploads\/2022\/03\/pexels-roman-pohorecki-19664-300x225.jpg 300w, https:\/\/www.kuebler-sport.de\/blog\/wp-content\/uploads\/2022\/03\/pexels-roman-pohorecki-19664-768x576.jpg 768w, https:\/\/www.kuebler-sport.de\/blog\/wp-content\/uploads\/2022\/03\/pexels-roman-pohorecki-19664-1536x1152.jpg 1536w, https:\/\/www.kuebler-sport.de\/blog\/wp-content\/uploads\/2022\/03\/pexels-roman-pohorecki-19664-scaled.jpg 2048w, https:\/\/www.kuebler-sport.de\/blog\/wp-content\/uploads\/2022\/03\/pexels-roman-pohorecki-19664-696x522.jpg 696w, https:\/\/www.kuebler-sport.de\/blog\/wp-content\/uploads\/2022\/03\/pexels-roman-pohorecki-19664-1392x1044.jpg 1392w, https:\/\/www.kuebler-sport.de\/blog\/wp-content\/uploads\/2022\/03\/pexels-roman-pohorecki-19664-1068x801.jpg 1068w, https:\/\/www.kuebler-sport.de\/blog\/wp-content\/uploads\/2022\/03\/pexels-roman-pohorecki-19664-1920x1440.jpg 1920w, https:\/\/www.kuebler-sport.de\/blog\/wp-content\/uploads\/2022\/03\/pexels-roman-pohorecki-19664-560x420.jpg 560w, https:\/\/www.kuebler-sport.de\/blog\/wp-content\/uploads\/2022\/03\/pexels-roman-pohorecki-19664-1120x840.jpg 1120w, https:\/\/www.kuebler-sport.de\/blog\/wp-content\/uploads\/2022\/03\/pexels-roman-pohorecki-19664-80x60.jpg 80w, https:\/\/www.kuebler-sport.de\/blog\/wp-content\/uploads\/2022\/03\/pexels-roman-pohorecki-19664-160x120.jpg 160w, https:\/\/www.kuebler-sport.de\/blog\/wp-content\/uploads\/2022\/03\/pexels-roman-pohorecki-19664-265x198.jpg 265w\" sizes=\"auto, (max-width: 1024px) 100vw, 1024px\" \/><figcaption class=\"wp-element-caption\">Gepflegter Sportrasen<\/figcaption><\/figure>\n\n\n\n<h2 class=\"wp-block-heading\">Fr\u00fchjahr als Beginn der Sportrasenpflege<\/h2>\n\n\n\n<p>\u00dcber den Winter hat der Sportplatzrasen unter der kalten und feuchten Witterung gelitten. Daher ist zun\u00e4chst eine Vorbehandlung notwendig. Pendelt sich die Temperatur bei konstanten 8&nbsp;bis&nbsp;10\u00b0&nbsp;C ein und ist die Grasnarbe abgetrocknet, kann bei trockener Witterung mit den Fr\u00fchjahrsarbeiten (meist Ende M\u00e4rz) begonnen werden:<\/p>\n\n\n\n<ul class=\"wp-block-list\">\n<li><strong>Abkehren <\/strong>von liegengebliebenen \u00c4sten, Laub etc.<\/li>\n\n\n\n<li><strong>Abschleppen <\/strong>von Wurmhaufen und Schneeschimmel mit Schleppnetz oder Schlepprost.<\/li>\n\n\n\n<li><strong>Striegeln <\/strong>mittels Rasenstriegel \u2013 schonender im Vergleich zum Vertikutieren:\n<ul class=\"wp-block-list\">\n<li>verbessert die Rasenoptik<\/li>\n\n\n\n<li>gleicht Unebenheiten aus<\/li>\n\n\n\n<li>bek\u00e4mpft mechanisch Unkraut<\/li>\n\n\n\n<li>k\u00e4mmt abgestorbene Pflanzenreste aus<\/li>\n\n\n\n<li>entfernt ebenfalls Wurmhaufen und Schneeschimmel<\/li>\n\n\n\n<li>verhindert das Verfilzen<\/li>\n\n\n\n<li>erh\u00f6ht die Sauerstoffzufuhr<\/li>\n<\/ul>\n<\/li>\n<\/ul>\n\n\n\n<ul class=\"wp-block-list\">\n<li>In seltenen F\u00e4llen muss der <strong>pH-Wert<\/strong> reguliert werden, das kommt etwa bei sehr sandigen B\u00f6den vor. Ein idealer pH-Wert f\u00fcr den Sportrasen liegt zwischen 5,5 und 6,5. Ermittelt wird dieser durch eine Bodenprobe. Liegt der pH-Wert unter 5,5 wird Kalk zur Erh\u00f6hung eingesetzt. Zwischen diesem Schritt und D\u00fcngung sollten mindestens zwei Wochen liegen.<\/li>\n\n\n\n<li>Da der Boden nach dem Striegeln gut auf die N\u00e4hrstoffaufnahme&nbsp;vorbereitet ist, folgt eine <strong>Starterd\u00fcngung<\/strong>. Hier wird i.&nbsp;d.&nbsp;R. auf einen schnellwirkenden&nbsp;Stickstoffd\u00fcnger gesetzt.<\/li>\n\n\n\n<li>Nach dem ersten <strong>Rasenschnitt <\/strong>und der Anbringung der <a href=\"https:\/\/www.kuebler-sport.de\/anlagenausstattung\/sportplatz\/spielfeldmarkierungen\/\" target=\"_blank\" rel=\"noreferrer noopener\">Spielfeldmarkierungen <\/a>kann der Platzwart den Rasen f\u00fcr den Spielbetrieb freigeben.<\/li>\n<\/ul>\n\n\n\n<h2 class=\"wp-block-heading\">Fortlaufende Sportrasenpflege<\/h2>\n\n\n\n<p>Um beim Rasen optimale Wachstumsbedingungen herzustellen, sind die drei Pflegema\u00dfnahmen der Grundpflege, Erhaltungspflege sowie Regenerationspflege unerl\u00e4sslich.<\/p>\n\n\n\n<figure class=\"wp-block-table\"><table class=\"has-fixed-layout\"><tbody><tr><td class=\"has-text-align-center\" data-align=\"center\"><strong>1. Grundpflege<\/strong><\/td><td class=\"has-text-align-center\" data-align=\"center\"><strong>2. Erhaltung<\/strong><\/td><td class=\"has-text-align-center\" data-align=\"center\"><strong>3. Regeneration<\/strong><\/td><\/tr><tr><td class=\"has-text-align-center\" data-align=\"center\">M\u00e4hen<br>Bew\u00e4ssern<br>D\u00fcngen<\/td><td class=\"has-text-align-center\" data-align=\"center\">Vertikutieren<br>Aerifizieren<br>Besanden<\/td><td class=\"has-text-align-center\" data-align=\"center\">Tiefenlockerung<br>Nachsaat<\/td><\/tr><\/tbody><\/table><\/figure>\n\n\n\n<h3 class=\"wp-block-heading\">1. Grundpflege<\/h3>\n\n\n\n<p>Die drei Arbeitsschritte m\u00e4hen, beregnen und d\u00fcngen sind absolute Voraussetzung f\u00fcr die Bildung einer spielf\u00e4higen Rasenfl\u00e4che. Dies h\u00f6rt sich zun\u00e4chst denkbar einfach an, aber auch hier gibt es einiges zu beachten.<\/p>\n\n\n\n<h4 class=\"wp-block-heading\">M\u00e4hen<\/h4>\n\n\n\n<p>Regelm\u00e4\u00dfiges M\u00e4hen sorgt f\u00fcr das stetige Nachwachsen der Gr\u00e4ser, sodass ein dauerhaft dichter Rasen erreicht wird, der frei von Unkraut ist. Auch wirkt sich die L\u00e4nge der Grashalme auf die Spielbedingungen aus. Zu langes Gras bremst den Ball deutlich.<\/p>\n\n\n\n<p>Gem\u00e4ht wird, wenn die Aufwuchsh\u00f6he der Gr\u00e4ser erreicht ist, beim Sportrasen sind das etwa 60 mm. Gek\u00fcrzt wird dann auf eine Schnitth\u00f6he von 40 mm. Wenn der Rasen nach dem Fr\u00fchjahr sein volles Wachstum erreicht hat, kann die Schnitth\u00f6he st\u00fcckweise herabgesetzt werden auf 30 \u2013 35&nbsp;mm. <\/p>\n\n\n\n<pre class=\"wp-block-verse\"><strong>Tipp<\/strong>\nBeim Rasenschnitt hilft die Drittel-Regel als Faustformel f\u00fcr die Schnitth\u00e4ufigkeit: Es sollte immer maximal 1\/3 des Aufwuchses entfernt werden, um den Rasen nicht unn\u00f6tig zu strapazieren.<\/pre>\n\n\n\n<p>Idealerweise wird in den fr\u00fchen Abendstunden gem\u00e4ht, dann wenn kein Morgentau mehr besteht und die hei\u00dfen Mittagsstunden im Sommer vor\u00fcber sind. Unter 5\u00b0&nbsp;C stellen die Gr\u00e4ser das Sprosswachstum ein, weshalb meist ab Oktober das M\u00e4hen entf\u00e4llt.<\/p>\n\n\n\n<h4 class=\"wp-block-heading\">Bew\u00e4ssern<\/h4>\n\n\n\n<p>Die Bew\u00e4sserung des Rasens sollte immer der Wetterlage angepasst werden. In den Sommermonaten kann die Beregnungsh\u00e4ufigkeit so zwischen 3 und 14 Tagen liegen. Eine starke Sonneneinstrahlung und Winde beschleunigen die Austrocknung des Bodens.  <\/p>\n\n\n\n<pre class=\"wp-block-verse\"><strong>Tipp<\/strong>\nRichtet sich der Rasen nach dem Betreten innerhalb einer Minute nicht wieder vollst\u00e4ndig auf, ist das ein Zeichen daf\u00fcr, dass der Rasen dringend Wasser ben\u00f6tigt. Gut versorgte Gr\u00e4ser stellen sich dagegen innerhalb weniger Sekunden auf.<\/pre>\n\n\n\n<div class=\"wp-block-columns is-layout-flex wp-container-core-columns-is-layout-9d6595d7 wp-block-columns-is-layout-flex\">\n<div class=\"wp-block-column is-layout-flow wp-block-column-is-layout-flow\">\n<p><a href=\"https:\/\/www.kuebler-sport.de\/anlagenausstattung\/sportplatz\/bewaesserungssysteme\/\" target=\"_blank\" rel=\"noreferrer noopener\">Bew\u00e4sserungssysteme<\/a> k\u00f6nnen fest integriert im Sportplatz sein (Versenkregneranlage) oder als mobile Beregnungsanlage zur Verf\u00fcgung stehen. Empfehlenswert ist eine Beregnung in den fr\u00fchen Morgenstunden, jedenfalls keinesfalls in der starken Mittagssonne. Die Wassermenge pro Beregnung ist abh\u00e4ngig vom Standort, der Boden- und Gr\u00e4serart. Als Anhaltspunkt dienen 10 \u2013 15&nbsp;l\/qm.<\/p>\n<\/div>\n\n\n\n<div class=\"wp-block-column is-layout-flow wp-block-column-is-layout-flow\">\n<figure class=\"wp-block-image size-full is-resized\"><img loading=\"lazy\" decoding=\"async\" width=\"617\" height=\"462\" src=\"https:\/\/www.kuebler-sport.de\/blog\/wp-content\/uploads\/2022\/03\/U6451_04-ecommerce.jpg\" alt=\"Bew\u00e4sserung Sportplatz\" class=\"wp-image-15419\" style=\"width:386px;height:289px\" srcset=\"https:\/\/www.kuebler-sport.de\/blog\/wp-content\/uploads\/2022\/03\/U6451_04-ecommerce.jpg 617w, https:\/\/www.kuebler-sport.de\/blog\/wp-content\/uploads\/2022\/03\/U6451_04-ecommerce-300x225.jpg 300w, https:\/\/www.kuebler-sport.de\/blog\/wp-content\/uploads\/2022\/03\/U6451_04-ecommerce-561x420.jpg 561w, https:\/\/www.kuebler-sport.de\/blog\/wp-content\/uploads\/2022\/03\/U6451_04-ecommerce-80x60.jpg 80w, https:\/\/www.kuebler-sport.de\/blog\/wp-content\/uploads\/2022\/03\/U6451_04-ecommerce-160x120.jpg 160w, https:\/\/www.kuebler-sport.de\/blog\/wp-content\/uploads\/2022\/03\/U6451_04-ecommerce-265x198.jpg 265w, https:\/\/www.kuebler-sport.de\/blog\/wp-content\/uploads\/2022\/03\/U6451_04-ecommerce-530x396.jpg 530w\" sizes=\"auto, (max-width: 617px) 100vw, 617px\" \/><figcaption class=\"wp-element-caption\">RollcarT-V\u00ae Gro\u00dffl\u00e4chenregner<\/figcaption><\/figure>\n<\/div>\n<\/div>\n\n\n\n<h4 class=\"wp-block-heading\">D\u00fcngen<\/h4>\n\n\n\n<p>Ein Sportrasen wird viel st\u00e4rker belastet als beispielweise eine Gartenrasenfl\u00e4che, weshalb die D\u00fcngung eine wichtige Rolle spielt. Damit der Rasen etwa gut den Winter \u00fcbersteht, ist eine Herbstd\u00fcngung von gro\u00dfer Bedeutung. Die Menge und der Zeitpunkt der D\u00fcngung muss individuell auf den Zustand des Platzes gew\u00e4hlt werden. Hier helfen i. d. R. die Herstellerangaben von D\u00fcngemitteln.<\/p>\n\n\n\n<ul class=\"wp-block-list\">\n<li>Grundvoraussetzung bildet eine ausreichende Stickstoffversorgung.<\/li>\n\n\n\n<li>Als weitere Hauptn\u00e4hrstoffe kommen Phosphor, Kalium und Magnesium zum Einsatz.<\/li>\n\n\n\n<li>Weitere Spurenn\u00e4hrsoffe f\u00fcr den Rasen sind Eisen, Mangan, Zink, Molybd\u00e4n, Bor, und Kupfer.<\/li>\n<\/ul>\n\n\n\n<h3 class=\"wp-block-heading\">2. Erhaltungspflege<\/h3>\n\n\n\n<h4 class=\"wp-block-heading\">Vertikutieren<\/h4>\n\n\n\n<p>Beim Vertikutieren wird Rasenfilz und Moos entfernt, der Rasen wird infolgedessen wieder besser bel\u00fcftet. Vertikutiert wird meist 1&nbsp;\u2013&nbsp;3x im Jahr bei trockener Witterung, je nach Verfilzungsgrad. Die Ma\u00dfnahme sollte unbedingt w\u00e4hrend der Wachstumsperiode erfolgen, damit sich der Rasen schnell wieder erholen kann, idealerweise im Fr\u00fchjahr (Anfang April bis Ende Mai) sowie Herbst (Mitte September bis Mitte Oktober).<\/p>\n\n\n\n<pre class=\"wp-block-verse\"><strong>Gut zu wissen<\/strong>\nAbgestorbene Pflanzenreste, flache Wurzeln usw. sorgen f\u00fcr eine Schicht auf der Rasenoberfl\u00e4che, in der sich Sporen und Krankheitserreger wohl f\u00fchlen und damit den Rasen nachhaltig sch\u00e4digen. Eine nur leichte Filzbildung ist besonders in den Sommermonaten in Ordnung, da sie das Wasser vor zu schneller Verdunstung abh\u00e4lt.<\/pre>\n\n\n\n<h4 class=\"wp-block-heading\">Aerifizieren<\/h4>\n\n\n\n<p>Beim Aerifizieren werden durch ein spezielles Ger\u00e4t L\u00f6cher in die Rasenfl\u00e4che gestanzt (bis zu 400 L\u00f6cher\/qm). Entweder durch Vollstacheln&nbsp;oder Hohlspoons. Aerifizieren verbessert die Wasseraufnahmef\u00e4higkeit und ist f\u00fcr ein gesundes Rasen- und Wurzelwachstum entscheidend. Aerifiziert&nbsp;wird 1&nbsp;\u2013&nbsp;3x im Jahr zwischen April und September, wenn der Rasen in der Wachstumsphase ist. Nach dem Aerifizieren&nbsp;wird der Rasen mit Quarzsand besandet, um die Hohlr\u00e4ume zu f\u00fcllen und die Bodenbeschaffenheit locker zu halten.<\/p>\n\n\n\n<figure class=\"wp-block-image size-large is-resized\"><img loading=\"lazy\" decoding=\"async\" width=\"1024\" height=\"683\" src=\"https:\/\/www.kuebler-sport.de\/blog\/wp-content\/uploads\/2022\/03\/AdobeStock_289728864-1024x683.jpeg\" alt=\"Aerifizieren\" class=\"wp-image-15427\" style=\"width:768px;height:512px\" srcset=\"https:\/\/www.kuebler-sport.de\/blog\/wp-content\/uploads\/2022\/03\/AdobeStock_289728864-1024x683.jpeg 1024w, https:\/\/www.kuebler-sport.de\/blog\/wp-content\/uploads\/2022\/03\/AdobeStock_289728864-300x200.jpeg 300w, https:\/\/www.kuebler-sport.de\/blog\/wp-content\/uploads\/2022\/03\/AdobeStock_289728864-768x512.jpeg 768w, https:\/\/www.kuebler-sport.de\/blog\/wp-content\/uploads\/2022\/03\/AdobeStock_289728864-1536x1024.jpeg 1536w, https:\/\/www.kuebler-sport.de\/blog\/wp-content\/uploads\/2022\/03\/AdobeStock_289728864-scaled.jpeg 2048w, https:\/\/www.kuebler-sport.de\/blog\/wp-content\/uploads\/2022\/03\/AdobeStock_289728864-696x464.jpeg 696w, https:\/\/www.kuebler-sport.de\/blog\/wp-content\/uploads\/2022\/03\/AdobeStock_289728864-1392x928.jpeg 1392w, https:\/\/www.kuebler-sport.de\/blog\/wp-content\/uploads\/2022\/03\/AdobeStock_289728864-1068x712.jpeg 1068w, https:\/\/www.kuebler-sport.de\/blog\/wp-content\/uploads\/2022\/03\/AdobeStock_289728864-1920x1280.jpeg 1920w, https:\/\/www.kuebler-sport.de\/blog\/wp-content\/uploads\/2022\/03\/AdobeStock_289728864-630x420.jpeg 630w, https:\/\/www.kuebler-sport.de\/blog\/wp-content\/uploads\/2022\/03\/AdobeStock_289728864-1260x840.jpeg 1260w\" sizes=\"auto, (max-width: 1024px) 100vw, 1024px\" \/><figcaption class=\"wp-element-caption\">Aerifizieren mit Hohlstacheln zur Sportrasenpflege | Surfin_Rox \u2013 stock.adobe.com<\/figcaption><\/figure>\n\n\n\n<h4 class=\"wp-block-heading\">Besanden<\/h4>\n\n\n\n<p>Durch die Besandung der Sportrasenfl\u00e4chen ergeben sich folgende Vorteile:<\/p>\n\n\n\n<ul class=\"wp-block-list\">\n<li>Ausgleich von Unebenheiten<\/li>\n\n\n\n<li>F\u00f6rderung der Wasser- und Luftdurchl\u00e4ssigkeit<\/li>\n\n\n\n<li>Neutralisierung von Wurmkot<\/li>\n\n\n\n<li>Unterst\u00fctzung beim Filzabbau<\/li>\n<\/ul>\n\n\n\n<p>Die Sandmenge richtet sich nach der vorangegangenen Ma\u00dfnahme, beispielweise dem Aerifizieren, meist jedoch zwischen 1&nbsp;\u2013&nbsp;3 l\/m\u00b2. F\u00fcr Rasensportpl\u00e4tze sind rundk\u00f6rnige Sande von 0&nbsp;\u2013&nbsp;2 mm sinnvoll, der Nullanteil sollte m\u00f6glichst gering sein.<\/p>\n\n\n\n<figure class=\"wp-block-image size-large is-resized\"><img loading=\"lazy\" decoding=\"async\" width=\"1024\" height=\"767\" src=\"https:\/\/www.kuebler-sport.de\/blog\/wp-content\/uploads\/2022\/03\/AdobeStock_260950690-scaled-e1646829341573-1024x767.jpeg\" alt=\"Rasen Besandung\" class=\"wp-image-15450\" style=\"width:768px;height:575px\" srcset=\"https:\/\/www.kuebler-sport.de\/blog\/wp-content\/uploads\/2022\/03\/AdobeStock_260950690-scaled-e1646829341573-1024x767.jpeg 1024w, https:\/\/www.kuebler-sport.de\/blog\/wp-content\/uploads\/2022\/03\/AdobeStock_260950690-scaled-e1646829341573-300x225.jpeg 300w, https:\/\/www.kuebler-sport.de\/blog\/wp-content\/uploads\/2022\/03\/AdobeStock_260950690-scaled-e1646829341573-768x576.jpeg 768w, https:\/\/www.kuebler-sport.de\/blog\/wp-content\/uploads\/2022\/03\/AdobeStock_260950690-scaled-e1646829341573-696x522.jpeg 696w, https:\/\/www.kuebler-sport.de\/blog\/wp-content\/uploads\/2022\/03\/AdobeStock_260950690-scaled-e1646829341573-1392x1043.jpeg 1392w, https:\/\/www.kuebler-sport.de\/blog\/wp-content\/uploads\/2022\/03\/AdobeStock_260950690-scaled-e1646829341573-1068x800.jpeg 1068w, https:\/\/www.kuebler-sport.de\/blog\/wp-content\/uploads\/2022\/03\/AdobeStock_260950690-scaled-e1646829341573-560x420.jpeg 560w, https:\/\/www.kuebler-sport.de\/blog\/wp-content\/uploads\/2022\/03\/AdobeStock_260950690-scaled-e1646829341573-1121x840.jpeg 1121w, https:\/\/www.kuebler-sport.de\/blog\/wp-content\/uploads\/2022\/03\/AdobeStock_260950690-scaled-e1646829341573-80x60.jpeg 80w, https:\/\/www.kuebler-sport.de\/blog\/wp-content\/uploads\/2022\/03\/AdobeStock_260950690-scaled-e1646829341573-160x120.jpeg 160w, https:\/\/www.kuebler-sport.de\/blog\/wp-content\/uploads\/2022\/03\/AdobeStock_260950690-scaled-e1646829341573-265x198.jpeg 265w, https:\/\/www.kuebler-sport.de\/blog\/wp-content\/uploads\/2022\/03\/AdobeStock_260950690-scaled-e1646829341573-530x396.jpeg 530w, https:\/\/www.kuebler-sport.de\/blog\/wp-content\/uploads\/2022\/03\/AdobeStock_260950690-scaled-e1646829341573.jpeg 1397w\" sizes=\"auto, (max-width: 1024px) 100vw, 1024px\" \/><figcaption class=\"wp-element-caption\">Ma\u00dfnahme in der Sportrasenpflege: Besanden | Milan \u2013 stock.adobe.com<\/figcaption><\/figure>\n\n\n\n<h3 class=\"wp-block-heading\">3. Regenerationspflege<\/h3>\n\n\n\n<p>Tiefenlockerung \/ Vertidrain<\/p>\n\n\n\n<p>Die Tiefenlockerung funktioniert \u00e4hnlich dem Aerifizieren, jedoch gehen hier die Spoons noch tiefer in den Boden (15&nbsp;\u2013&nbsp;20 cm) und in einem leicht schr\u00e4gen Winkel. Wichtig ist, dass der Platz anschlie\u00dfend 6 bis 8 Wochen lang nicht genutzt werden darf.<\/p>\n\n\n\n<pre class=\"wp-block-verse\"><strong>Gut zu wissen\n<\/strong>Die Ma\u00dfnahme wird meist im Herbst vorgenommen und bereitet den Boden auf den Winter vor. Denn dann sorgt der Frost f\u00fcr eine Sprengwirkung, die den Boden bis in die Tiefe lockert. <\/pre>\n\n\n\n<h4 class=\"wp-block-heading\">Nachsaat<\/h4>\n\n\n\n<p>Bei Spielpausen zwischen 6 und 8 Wochen kann eine Nachsaat von stark strapazierten Kahlstellen und l\u00fcckigen Grasnarben erfolgen. Die Sanierungsma\u00dfnahme hilft auch, Unkraut zu bek\u00e4mpfen. Bei der gro\u00dffl\u00e4chigen Aussaat gibt es verschiedene Techniken, die mit Spezialger\u00e4ten erzielt werden, etwa die Schlitzsaat oder das Perforationsverfahren.<\/p>\n","protected":false},"excerpt":{"rendered":"<p>Ein perfekt gepflegter Naturrasen freut jeden Breiten- und Freiluftsportler. Damit der Sportrasen allerdings gleichm\u00e4\u00dfig satt gr\u00fcn strahlt und seine angenehmen Spieleigenschaften auch im Dauereinsatz beh\u00e4lt, ist so einiges an Pflege notwendig, die \u00fcber das Jahr hinweg anf\u00e4llt. Eine kontinuierliche Sportrasenpflege zahlt sich jedoch auch in der Vereinskasse aus, denn langfristig werden kostspielige Instandsetzungsma\u00dfnahmen eingespart. Fr\u00fchjahr [&hellip;]<\/p>\n","protected":false},"author":13,"featured_media":15383,"comment_status":"closed","ping_status":"closed","sticky":false,"template":"","format":"standard","meta":{"footnotes":""},"categories":[1371],"tags":[249,1396,1557],"class_list":{"0":"post-15050","1":"post","2":"type-post","3":"status-publish","4":"format-standard","5":"has-post-thumbnail","7":"category-sportstaetten-spielstaetten","8":"tag-sportplatz","9":"tag-sportrasen","10":"tag-winter"},"yoast_head":"<!-- This site is optimized with the Yoast SEO plugin v27.5 - https:\/\/yoast.com\/product\/yoast-seo-wordpress\/ -->\n<title>Sportrasenpflege: Das gibt es zu beachten | K\u00fcbler Sport Magazin<\/title>\n<meta name=\"description\" content=\"Sportrasenpflege \u2013 Fr\u00fchjahrsarbeiten und regelm\u00e4\u00dfige Pflegema\u00dfnahmen: M\u00e4hen, Bew\u00e4ssern, D\u00fcngen, Vertikutieren, Aerifizieren, Besanden, etc.\" \/>\n<meta name=\"robots\" content=\"index, follow, max-snippet:-1, max-image-preview:large, max-video-preview:-1\" \/>\n<link rel=\"canonical\" href=\"https:\/\/www.kuebler-sport.de\/blog\/sportrasenpflege\/\" \/>\n<meta property=\"og:locale\" content=\"de_DE\" \/>\n<meta property=\"og:type\" content=\"article\" \/>\n<meta property=\"og:title\" content=\"Sportrasenpflege: Das gibt es zu beachten | K\u00fcbler Sport Magazin\" \/>\n<meta property=\"og:description\" content=\"Sportrasenpflege \u2013 Fr\u00fchjahrsarbeiten und regelm\u00e4\u00dfige Pflegema\u00dfnahmen: M\u00e4hen, Bew\u00e4ssern, D\u00fcngen, Vertikutieren, Aerifizieren, Besanden, etc.\" \/>\n<meta property=\"og:url\" content=\"https:\/\/www.kuebler-sport.de\/blog\/sportrasenpflege\/\" \/>\n<meta property=\"og:site_name\" content=\"K\u00fcbler Sport Magazin\" \/>\n<meta property=\"article:publisher\" content=\"https:\/\/www.facebook.com\/KueblerSport\" \/>\n<meta property=\"article:published_time\" content=\"2022-03-15T06:00:00+00:00\" \/>\n<meta property=\"article:modified_time\" content=\"2026-04-02T07:45:28+00:00\" \/>\n<meta property=\"og:image\" content=\"https:\/\/www.kuebler-sport.de\/blog\/wp-content\/uploads\/2022\/03\/AdobeStock_114034410-scaled.jpeg\" \/>\n\t<meta property=\"og:image:width\" content=\"2048\" \/>\n\t<meta property=\"og:image:height\" content=\"1365\" \/>\n\t<meta property=\"og:image:type\" content=\"image\/jpeg\" \/>\n<meta name=\"author\" content=\"K\u00fcbler Sport Redaktion\" \/>\n<meta name=\"twitter:card\" content=\"summary_large_image\" \/>\n<meta name=\"twitter:creator\" content=\"@omkuebler\" \/>\n<meta name=\"twitter:label1\" content=\"Verfasst von\" \/>\n\t<meta name=\"twitter:data1\" content=\"K\u00fcbler Sport Redaktion\" \/>\n\t<meta name=\"twitter:label2\" content=\"Gesch\u00e4tzte Lesezeit\" \/>\n\t<meta name=\"twitter:data2\" content=\"7\u00a0Minuten\" \/>\n<!-- \/ Yoast SEO plugin. -->","yoast_head_json":{"title":"Sportrasenpflege: Das gibt es zu beachten | K\u00fcbler Sport Magazin","description":"Sportrasenpflege \u2013 Fr\u00fchjahrsarbeiten und regelm\u00e4\u00dfige Pflegema\u00dfnahmen: M\u00e4hen, Bew\u00e4ssern, D\u00fcngen, Vertikutieren, Aerifizieren, Besanden, etc.","robots":{"index":"index","follow":"follow","max-snippet":"max-snippet:-1","max-image-preview":"max-image-preview:large","max-video-preview":"max-video-preview:-1"},"canonical":"https:\/\/www.kuebler-sport.de\/blog\/sportrasenpflege\/","og_locale":"de_DE","og_type":"article","og_title":"Sportrasenpflege: Das gibt es zu beachten | K\u00fcbler Sport Magazin","og_description":"Sportrasenpflege \u2013 Fr\u00fchjahrsarbeiten und regelm\u00e4\u00dfige Pflegema\u00dfnahmen: M\u00e4hen, Bew\u00e4ssern, D\u00fcngen, Vertikutieren, Aerifizieren, Besanden, etc.","og_url":"https:\/\/www.kuebler-sport.de\/blog\/sportrasenpflege\/","og_site_name":"K\u00fcbler Sport Magazin","article_publisher":"https:\/\/www.facebook.com\/KueblerSport","article_published_time":"2022-03-15T06:00:00+00:00","article_modified_time":"2026-04-02T07:45:28+00:00","og_image":[{"width":2048,"height":1365,"url":"https:\/\/www.kuebler-sport.de\/blog\/wp-content\/uploads\/2022\/03\/AdobeStock_114034410-scaled.jpeg","type":"image\/jpeg"}],"author":"K\u00fcbler Sport Redaktion","twitter_card":"summary_large_image","twitter_creator":"@omkuebler","twitter_misc":{"Verfasst von":"K\u00fcbler Sport Redaktion","Gesch\u00e4tzte Lesezeit":"7\u00a0Minuten"},"schema":{"@context":"https:\/\/schema.org","@graph":[{"@type":"Article","@id":"https:\/\/www.kuebler-sport.de\/blog\/sportrasenpflege\/#article","isPartOf":{"@id":"https:\/\/www.kuebler-sport.de\/blog\/sportrasenpflege\/"},"author":{"name":"K\u00fcbler Sport Redaktion","@id":"https:\/\/www.kuebler-sport.de\/blog\/#\/schema\/person\/f430b57db08050d0bcac7d0013d41806"},"headline":"Sportrasenpflege: Das gibt es zu beachten","datePublished":"2022-03-15T06:00:00+00:00","dateModified":"2026-04-02T07:45:28+00:00","mainEntityOfPage":{"@id":"https:\/\/www.kuebler-sport.de\/blog\/sportrasenpflege\/"},"wordCount":1007,"publisher":{"@id":"https:\/\/www.kuebler-sport.de\/blog\/#organization"},"image":{"@id":"https:\/\/www.kuebler-sport.de\/blog\/sportrasenpflege\/#primaryimage"},"thumbnailUrl":"https:\/\/www.kuebler-sport.de\/blog\/wp-content\/uploads\/2022\/03\/AdobeStock_114034410-scaled.jpeg","keywords":["Sportplatz","Sportrasen","Winter"],"articleSection":["Sport- &amp; Spielst\u00e4tten"],"inLanguage":"de"},{"@type":"WebPage","@id":"https:\/\/www.kuebler-sport.de\/blog\/sportrasenpflege\/","url":"https:\/\/www.kuebler-sport.de\/blog\/sportrasenpflege\/","name":"Sportrasenpflege: Das gibt es zu beachten | K\u00fcbler Sport Magazin","isPartOf":{"@id":"https:\/\/www.kuebler-sport.de\/blog\/#website"},"primaryImageOfPage":{"@id":"https:\/\/www.kuebler-sport.de\/blog\/sportrasenpflege\/#primaryimage"},"image":{"@id":"https:\/\/www.kuebler-sport.de\/blog\/sportrasenpflege\/#primaryimage"},"thumbnailUrl":"https:\/\/www.kuebler-sport.de\/blog\/wp-content\/uploads\/2022\/03\/AdobeStock_114034410-scaled.jpeg","datePublished":"2022-03-15T06:00:00+00:00","dateModified":"2026-04-02T07:45:28+00:00","description":"Sportrasenpflege \u2013 Fr\u00fchjahrsarbeiten und regelm\u00e4\u00dfige Pflegema\u00dfnahmen: M\u00e4hen, Bew\u00e4ssern, D\u00fcngen, Vertikutieren, Aerifizieren, Besanden, etc.","breadcrumb":{"@id":"https:\/\/www.kuebler-sport.de\/blog\/sportrasenpflege\/#breadcrumb"},"inLanguage":"de","potentialAction":[{"@type":"ReadAction","target":["https:\/\/www.kuebler-sport.de\/blog\/sportrasenpflege\/"]}]},{"@type":"ImageObject","inLanguage":"de","@id":"https:\/\/www.kuebler-sport.de\/blog\/sportrasenpflege\/#primaryimage","url":"https:\/\/www.kuebler-sport.de\/blog\/wp-content\/uploads\/2022\/03\/AdobeStock_114034410-scaled.jpeg","contentUrl":"https:\/\/www.kuebler-sport.de\/blog\/wp-content\/uploads\/2022\/03\/AdobeStock_114034410-scaled.jpeg","width":2048,"height":1365,"caption":"Quelle: Naypong Studio"},{"@type":"BreadcrumbList","@id":"https:\/\/www.kuebler-sport.de\/blog\/sportrasenpflege\/#breadcrumb","itemListElement":[{"@type":"ListItem","position":1,"name":"Startseite","item":"https:\/\/www.kuebler-sport.de\/blog\/"},{"@type":"ListItem","position":2,"name":"Sportrasenpflege: Das gibt es zu beachten"}]},{"@type":"WebSite","@id":"https:\/\/www.kuebler-sport.de\/blog\/#website","url":"https:\/\/www.kuebler-sport.de\/blog\/","name":"K\u00fcbler Sport Magazin","description":"Wir leben den Sportsgeist!","publisher":{"@id":"https:\/\/www.kuebler-sport.de\/blog\/#organization"},"potentialAction":[{"@type":"SearchAction","target":{"@type":"EntryPoint","urlTemplate":"https:\/\/www.kuebler-sport.de\/blog\/?s={search_term_string}"},"query-input":{"@type":"PropertyValueSpecification","valueRequired":true,"valueName":"search_term_string"}}],"inLanguage":"de"},{"@type":"Organization","@id":"https:\/\/www.kuebler-sport.de\/blog\/#organization","name":"K\u00fcbler Sport","url":"https:\/\/www.kuebler-sport.de\/blog\/","logo":{"@type":"ImageObject","inLanguage":"de","@id":"https:\/\/www.kuebler-sport.de\/blog\/#\/schema\/logo\/image\/","url":"https:\/\/www.kuebler-sport.de\/blog\/wp-content\/uploads\/2024\/04\/Kuebler_Sport-Logo-rgb.png","contentUrl":"https:\/\/www.kuebler-sport.de\/blog\/wp-content\/uploads\/2024\/04\/Kuebler_Sport-Logo-rgb.png","width":738,"height":148,"caption":"K\u00fcbler Sport"},"image":{"@id":"https:\/\/www.kuebler-sport.de\/blog\/#\/schema\/logo\/image\/"},"sameAs":["https:\/\/www.facebook.com\/KueblerSport","https:\/\/www.instagram.com\/kueblersport\/","https:\/\/www.youtube.com\/c\/kuebler-sport-de","https:\/\/de.linkedin.com\/company\/k\u00fcbler-sport-gmbh"]},{"@type":"Person","@id":"https:\/\/www.kuebler-sport.de\/blog\/#\/schema\/person\/f430b57db08050d0bcac7d0013d41806","name":"K\u00fcbler Sport Redaktion","sameAs":["https:\/\/x.com\/omkuebler"]}]}},"_links":{"self":[{"href":"https:\/\/www.kuebler-sport.de\/blog\/wp-json\/wp\/v2\/posts\/15050","targetHints":{"allow":["GET"]}}],"collection":[{"href":"https:\/\/www.kuebler-sport.de\/blog\/wp-json\/wp\/v2\/posts"}],"about":[{"href":"https:\/\/www.kuebler-sport.de\/blog\/wp-json\/wp\/v2\/types\/post"}],"author":[{"embeddable":true,"href":"https:\/\/www.kuebler-sport.de\/blog\/wp-json\/wp\/v2\/users\/13"}],"replies":[{"embeddable":true,"href":"https:\/\/www.kuebler-sport.de\/blog\/wp-json\/wp\/v2\/comments?post=15050"}],"version-history":[{"count":5,"href":"https:\/\/www.kuebler-sport.de\/blog\/wp-json\/wp\/v2\/posts\/15050\/revisions"}],"predecessor-version":[{"id":32568,"href":"https:\/\/www.kuebler-sport.de\/blog\/wp-json\/wp\/v2\/posts\/15050\/revisions\/32568"}],"wp:featuredmedia":[{"embeddable":true,"href":"https:\/\/www.kuebler-sport.de\/blog\/wp-json\/wp\/v2\/media\/15383"}],"wp:attachment":[{"href":"https:\/\/www.kuebler-sport.de\/blog\/wp-json\/wp\/v2\/media?parent=15050"}],"wp:term":[{"taxonomy":"category","embeddable":true,"href":"https:\/\/www.kuebler-sport.de\/blog\/wp-json\/wp\/v2\/categories?post=15050"},{"taxonomy":"post_tag","embeddable":true,"href":"https:\/\/www.kuebler-sport.de\/blog\/wp-json\/wp\/v2\/tags?post=15050"}],"curies":[{"name":"wp","href":"https:\/\/api.w.org\/{rel}","templated":true}]}}