{"id":24535,"date":"2023-10-03T08:04:00","date_gmt":"2023-10-03T06:04:00","guid":{"rendered":"https:\/\/www.kuebler-sport.de\/blog\/?p=24535"},"modified":"2026-04-08T13:46:04","modified_gmt":"2026-04-08T11:46:04","slug":"sportstation2-interview-dominik-klein","status":"publish","type":"post","link":"https:\/\/www.kuebler-sport.de\/blog\/sportstation2-interview-dominik-klein\/","title":{"rendered":"Wie die sportstation2 Kinder bewegt"},"content":{"rendered":"\n<p>Handballweltmeister Dominik Klein setzt sich leidenschaftlich daf\u00fcr ein, Kinder zu mehr Bewegung zu inspirieren. Daf\u00fcr hat er u. a. sein eigenes Handballformat aufgebaut und weiterentwickelt \u2013 den <a href=\"https:\/\/www.kuebler-sport.de\/themen\/hcm\/\" target=\"_blank\" rel=\"noreferrer noopener\">HandballCAMPUS M\u00fcnchen<\/a>. Als Botschafter f\u00fcr die F\u00f6rderung von Bewegung engagiert er sich zuletzt aktiv in einer besonderen Mitmach-Aktion, die vom Bayerischen Handball-Verband ins Leben gerufen wurde. Bei dem Projekt wird die neuartige Sportkonsole <a href=\"https:\/\/www.kuebler-sport.de\/marken\/sportstation-2\/\" target=\"_blank\" rel=\"noreferrer noopener\">sportstation2<\/a> genutzt, um Kinder f\u00fcr den Sport zu begeistern. Im Interview mit Dominik Klein erfahren wir mehr.<\/p>\n\n\n\n<figure class=\"wp-block-image size-large is-resized\"><img loading=\"lazy\" decoding=\"async\" width=\"1024\" height=\"683\" src=\"https:\/\/www.kuebler-sport.de\/blog\/wp-content\/uploads\/2023\/09\/20221103_Kids-Camp-Laim_STICKEL_345-1024x683.jpg\" alt=\"Dominik Klein sportstation2\" class=\"wp-image-24545\" srcset=\"https:\/\/www.kuebler-sport.de\/blog\/wp-content\/uploads\/2023\/09\/20221103_Kids-Camp-Laim_STICKEL_345-1024x683.jpg 1024w, https:\/\/www.kuebler-sport.de\/blog\/wp-content\/uploads\/2023\/09\/20221103_Kids-Camp-Laim_STICKEL_345-300x200.jpg 300w, https:\/\/www.kuebler-sport.de\/blog\/wp-content\/uploads\/2023\/09\/20221103_Kids-Camp-Laim_STICKEL_345-768x512.jpg 768w, https:\/\/www.kuebler-sport.de\/blog\/wp-content\/uploads\/2023\/09\/20221103_Kids-Camp-Laim_STICKEL_345-696x464.jpg 696w, https:\/\/www.kuebler-sport.de\/blog\/wp-content\/uploads\/2023\/09\/20221103_Kids-Camp-Laim_STICKEL_345-1392x928.jpg 1392w, https:\/\/www.kuebler-sport.de\/blog\/wp-content\/uploads\/2023\/09\/20221103_Kids-Camp-Laim_STICKEL_345-1068x712.jpg 1068w, https:\/\/www.kuebler-sport.de\/blog\/wp-content\/uploads\/2023\/09\/20221103_Kids-Camp-Laim_STICKEL_345.jpg 1500w\" sizes=\"auto, (max-width: 1024px) 100vw, 1024px\" \/><figcaption class=\"wp-element-caption\">Dominik Klein begeistert Kinder bei der Mitmach-Aktion des Bayerischen Handball-Verbands f\u00fcr Sport und Bewegung.<\/figcaption><\/figure>\n\n\n\n<h3 class=\"wp-block-heading\">Warum begeistert die sportstation2 Kinder so schnell zu Bewegung?<\/h3>\n\n\n\n<p>Mit der sportstation2 werden Gamification, Bewegung und Erfolgserlebnisse zugleich verbunden. Jedes Kind und jede(r) Teilnehmer*in wird entsprechend seines\/ ihres individuellen Leistungslevels unabh\u00e4ngig beurteilt und macht damit seinem\/ ihrem Niveau entsprechend Erfolgsschritte nach vorne und bewegt sich durch den dadurch verliehenen Ansporn immer mehr. Durch das Punktesammeln k\u00f6nnen au\u00dferdem Avatare erzeugt werden, was die Kinder begeistert. Wenn diese dann sehen, dass noch 3 Sterne f\u00fcr \u2013 zum Beispiel \u2013 eine neue Frisur fehlen, dann versuchen sie es so lange erneut, bis Sie sich die 3 Sterne holen. Dies funktioniert unabh\u00e4ngig ihres Talents, was die sportstation2 unter anderem auch ausmacht.<\/p>\n\n\n\n<h3 class=\"wp-block-heading\">Warum ist es sinnvoll, die sportstation2 in Schulen einzusetzen?<\/h3>\n\n\n\n<p>Die sportstation2 kann im Sportunterricht f\u00fcr selbstst\u00e4ndige Stationen der Kinder eingesetzt werden, wodurch \u00dcbungsleiterinnen und Lehrerinnen sich bei einzelnen \u00dcbungen individueller mit Kindern besch\u00e4ftigen k\u00f6nnen, welche beispielsweise mehr Unterst\u00fctzung ben\u00f6tigen. Gleiches gilt auch f\u00fcr andere F\u00e4cher an Schulen. So k\u00f6nnen Mathematik und andere Lernspiele genauso in die sportstation2 integriert werden und durch Bewegung deutlich intensiver, schneller und besser verarbeitet werden. Dadurch kann langfristiger Lernerfolg einfacher erzeugt werden, wodurch Klassen auch tempor\u00e4r verkleinert werden k\u00f6nnen und dadurch einzelne Kinder auch gezielter gefordert sowie auch gef\u00f6rdert werden k\u00f6nnen.<\/p>\n\n\n\n<figure class=\"wp-block-image size-large\"><img loading=\"lazy\" decoding=\"async\" width=\"1024\" height=\"683\" src=\"https:\/\/www.kuebler-sport.de\/blog\/wp-content\/uploads\/2023\/09\/20221103_Kids-Camp-Laim_STICKEL_218-1024x683.jpg\" alt=\"Handball sportstation\" class=\"wp-image-24551\" srcset=\"https:\/\/www.kuebler-sport.de\/blog\/wp-content\/uploads\/2023\/09\/20221103_Kids-Camp-Laim_STICKEL_218-1024x683.jpg 1024w, https:\/\/www.kuebler-sport.de\/blog\/wp-content\/uploads\/2023\/09\/20221103_Kids-Camp-Laim_STICKEL_218-300x200.jpg 300w, https:\/\/www.kuebler-sport.de\/blog\/wp-content\/uploads\/2023\/09\/20221103_Kids-Camp-Laim_STICKEL_218-768x512.jpg 768w, https:\/\/www.kuebler-sport.de\/blog\/wp-content\/uploads\/2023\/09\/20221103_Kids-Camp-Laim_STICKEL_218-696x464.jpg 696w, https:\/\/www.kuebler-sport.de\/blog\/wp-content\/uploads\/2023\/09\/20221103_Kids-Camp-Laim_STICKEL_218-1392x928.jpg 1392w, https:\/\/www.kuebler-sport.de\/blog\/wp-content\/uploads\/2023\/09\/20221103_Kids-Camp-Laim_STICKEL_218-1068x712.jpg 1068w, https:\/\/www.kuebler-sport.de\/blog\/wp-content\/uploads\/2023\/09\/20221103_Kids-Camp-Laim_STICKEL_218.jpg 1500w\" sizes=\"auto, (max-width: 1024px) 100vw, 1024px\" \/><figcaption class=\"wp-element-caption\">Die <strong>sportstation<\/strong> im Mittelpunkt des Bewegungsangebots.<\/figcaption><\/figure>\n\n\n\n<h3 class=\"wp-block-heading\">Wie unterst\u00fctzt die sportstation2 Inklusion?<\/h3>\n\n\n\n<p>Mit ihrem \u00dcbungsangebot setzt die sportstation2 nicht nur auf den oder die Beste(n), Schnellste(n) oder Talentierteste(n), sondern auch durch mehrere \u00dcbungen auf ein anderes Anforderungsprofil, wie \u2013 zum Beispiel \u2013 auf eine gleichm\u00e4\u00dfige Ausf\u00fchrung. Damit k\u00f6nnen diese \u00dcbungen auch mit Personen mit Behinderungen oder im Rollstuhl sowie jedes unterschiedlichen Talents ausgef\u00fchrt werden. Somit k\u00f6nnen alle Kinder unterschiedlichster Herkunft, Voraussetzungen oder Talents gemeinsam an einer Station der sportstation2 Spa\u00df haben, Punkte sammeln und gemeinsame Erfolge erleben.<\/p>\n\n\n\n<figure class=\"wp-block-image size-large\"><img loading=\"lazy\" decoding=\"async\" width=\"1024\" height=\"683\" src=\"https:\/\/www.kuebler-sport.de\/blog\/wp-content\/uploads\/2023\/09\/20221103_Kids-Camp-Laim_STICKEL_430-1024x683.jpg\" alt=\"Handball kinder\" class=\"wp-image-24547\" srcset=\"https:\/\/www.kuebler-sport.de\/blog\/wp-content\/uploads\/2023\/09\/20221103_Kids-Camp-Laim_STICKEL_430-1024x683.jpg 1024w, https:\/\/www.kuebler-sport.de\/blog\/wp-content\/uploads\/2023\/09\/20221103_Kids-Camp-Laim_STICKEL_430-300x200.jpg 300w, https:\/\/www.kuebler-sport.de\/blog\/wp-content\/uploads\/2023\/09\/20221103_Kids-Camp-Laim_STICKEL_430-768x512.jpg 768w, https:\/\/www.kuebler-sport.de\/blog\/wp-content\/uploads\/2023\/09\/20221103_Kids-Camp-Laim_STICKEL_430-696x464.jpg 696w, https:\/\/www.kuebler-sport.de\/blog\/wp-content\/uploads\/2023\/09\/20221103_Kids-Camp-Laim_STICKEL_430-1392x928.jpg 1392w, https:\/\/www.kuebler-sport.de\/blog\/wp-content\/uploads\/2023\/09\/20221103_Kids-Camp-Laim_STICKEL_430-1068x712.jpg 1068w, https:\/\/www.kuebler-sport.de\/blog\/wp-content\/uploads\/2023\/09\/20221103_Kids-Camp-Laim_STICKEL_430.jpg 1500w\" sizes=\"auto, (max-width: 1024px) 100vw, 1024px\" \/><figcaption class=\"wp-element-caption\">Handball\u00fcbungen mit der <strong>sportstation<\/strong> bereits mit den Kleinsten.<\/figcaption><\/figure>\n\n\n\n<h3 class=\"wp-block-heading\">Welche Wirkung hat die sportstation2 im gesellschaftlichen Kontext?<\/h3>\n\n\n<div class=\"wp-block-image is-resized\">\n<figure class=\"alignright size-large\"><img loading=\"lazy\" decoding=\"async\" width=\"1024\" height=\"479\" src=\"https:\/\/www.kuebler-sport.de\/blog\/wp-content\/uploads\/2023\/09\/TOR-04-1024x479.png\" alt=\"Maskottchen HCM\" class=\"wp-image-24555\" style=\"width:364px;height:auto\" srcset=\"https:\/\/www.kuebler-sport.de\/blog\/wp-content\/uploads\/2023\/09\/TOR-04-1024x479.png 1024w, https:\/\/www.kuebler-sport.de\/blog\/wp-content\/uploads\/2023\/09\/TOR-04-300x140.png 300w, https:\/\/www.kuebler-sport.de\/blog\/wp-content\/uploads\/2023\/09\/TOR-04-768x359.png 768w, https:\/\/www.kuebler-sport.de\/blog\/wp-content\/uploads\/2023\/09\/TOR-04-1536x719.png 1536w, https:\/\/www.kuebler-sport.de\/blog\/wp-content\/uploads\/2023\/09\/TOR-04-2048x958.png 2048w, https:\/\/www.kuebler-sport.de\/blog\/wp-content\/uploads\/2023\/09\/TOR-04-696x326.png 696w, https:\/\/www.kuebler-sport.de\/blog\/wp-content\/uploads\/2023\/09\/TOR-04-1392x651.png 1392w, https:\/\/www.kuebler-sport.de\/blog\/wp-content\/uploads\/2023\/09\/TOR-04-1068x500.png 1068w, https:\/\/www.kuebler-sport.de\/blog\/wp-content\/uploads\/2023\/09\/TOR-04-1920x898.png 1920w\" sizes=\"auto, (max-width: 1024px) 100vw, 1024px\" \/><figcaption class=\"wp-element-caption\">Maskottchen des HandballCAMPUS M\u00fcnchen <\/figcaption><\/figure>\n<\/div>\n\n\n<p>Die sportstation2 verk\u00f6rpert die Werte des HandballCAMPUS M\u00fcnchen. Begeisterung, Wertsch\u00e4tzung, Respekt, Teamgeist und Lernen wird alles an der sportstation2 erlebt und automatisiert ohne Anleitung einer Lehrkraft durch die Kinder umgesetzt. Denn umso erfolgreicher man an einer sportstation2 als Mannschaft oder Team ist, desto mehr Punkte sammelt der Einzelne, aber auch das gesamte Team und damit wird jede(r) angefeuert, begeistert und gelobt, aber auch gegenseitig mit Respekt und Teamgeist verbessert.<\/p>\n\n\n\n<p class=\"has-small-font-size\"><em>M\u00fcnchen, 12.09.2023<\/em><br><em>Dominik Klein<\/em><\/p>\n\n\n\n<div style=\"height:30px\" aria-hidden=\"true\" class=\"wp-block-spacer\"><\/div>\n\n\n<div class=\"wp-block-image is-resized\">\n<figure class=\"aligncenter size-large\"><img loading=\"lazy\" decoding=\"async\" width=\"1024\" height=\"1024\" src=\"https:\/\/www.kuebler-sport.de\/blog\/wp-content\/uploads\/2023\/09\/F8100_00-1024x1024.jpg\" alt=\"sportstation2\" class=\"wp-image-24564\" style=\"width:371px;height:auto\" srcset=\"https:\/\/www.kuebler-sport.de\/blog\/wp-content\/uploads\/2023\/09\/F8100_00-1024x1024.jpg 1024w, https:\/\/www.kuebler-sport.de\/blog\/wp-content\/uploads\/2023\/09\/F8100_00-300x300.jpg 300w, https:\/\/www.kuebler-sport.de\/blog\/wp-content\/uploads\/2023\/09\/F8100_00-150x150.jpg 150w, https:\/\/www.kuebler-sport.de\/blog\/wp-content\/uploads\/2023\/09\/F8100_00-768x768.jpg 768w, https:\/\/www.kuebler-sport.de\/blog\/wp-content\/uploads\/2023\/09\/F8100_00-1536x1536.jpg 1536w, https:\/\/www.kuebler-sport.de\/blog\/wp-content\/uploads\/2023\/09\/F8100_00-2048x2048.jpg 2048w, https:\/\/www.kuebler-sport.de\/blog\/wp-content\/uploads\/2023\/09\/F8100_00-696x696.jpg 696w, https:\/\/www.kuebler-sport.de\/blog\/wp-content\/uploads\/2023\/09\/F8100_00-1392x1392.jpg 1392w, https:\/\/www.kuebler-sport.de\/blog\/wp-content\/uploads\/2023\/09\/F8100_00-1068x1068.jpg 1068w, https:\/\/www.kuebler-sport.de\/blog\/wp-content\/uploads\/2023\/09\/F8100_00-1920x1920.jpg 1920w\" sizes=\"auto, (max-width: 1024px) 100vw, 1024px\" \/><\/figure>\n<\/div>\n\n\n<div class=\"wp-block-buttons is-content-justification-center is-layout-flex wp-container-core-buttons-is-layout-16018d1d wp-block-buttons-is-layout-flex\">\n<div class=\"wp-block-button is-style-round\"><a class=\"wp-block-button__link has-background wp-element-button\" href=\"https:\/\/www.kuebler-sport.de\/marken\/sportstation-2\/\" style=\"background-color:#004f9f\">zur sportstation2\u00ae<\/a><\/div>\n<\/div>\n","protected":false},"excerpt":{"rendered":"<p>Handballweltmeister Dominik Klein setzt sich leidenschaftlich daf\u00fcr ein, Kinder zu mehr Bewegung zu inspirieren. Daf\u00fcr hat er u. a. sein eigenes Handballformat aufgebaut und weiterentwickelt \u2013 den HandballCAMPUS M\u00fcnchen. Als Botschafter f\u00fcr die F\u00f6rderung von Bewegung engagiert er sich zuletzt aktiv in einer besonderen Mitmach-Aktion, die vom Bayerischen Handball-Verband ins Leben gerufen wurde. Bei dem [&hellip;]<\/p>\n","protected":false},"author":13,"featured_media":24554,"comment_status":"closed","ping_status":"closed","sticky":false,"template":"","format":"standard","meta":{"footnotes":""},"categories":[1368],"tags":[1319,53,175,113],"class_list":{"0":"post-24535","1":"post","2":"type-post","3":"status-publish","4":"format-standard","5":"has-post-thumbnail","7":"category-vereinssport-schulsport","8":"tag-interview","9":"tag-schulsport","10":"tag-spielideen","11":"tag-vereinssport"},"yoast_head":"<!-- This site is optimized with the Yoast SEO plugin v27.5 - https:\/\/yoast.com\/product\/yoast-seo-wordpress\/ -->\n<title>Wie die sportstation2 Kinder bewegt | K\u00fcbler Sport Magazin<\/title>\n<meta name=\"description\" content=\"K\u00fcbler Sport im Interview mit dem Botschafter der sportstation &amp; Handballweltmeister Dominik Klein.\" \/>\n<meta name=\"robots\" content=\"index, follow, max-snippet:-1, max-image-preview:large, max-video-preview:-1\" \/>\n<link rel=\"canonical\" href=\"https:\/\/www.kuebler-sport.de\/blog\/sportstation2-interview-dominik-klein\/\" \/>\n<meta property=\"og:locale\" content=\"de_DE\" \/>\n<meta property=\"og:type\" content=\"article\" \/>\n<meta property=\"og:title\" content=\"Wie die sportstation2 Kinder bewegt | K\u00fcbler Sport Magazin\" \/>\n<meta property=\"og:description\" content=\"K\u00fcbler Sport im Interview mit dem Botschafter der sportstation &amp; Handballweltmeister Dominik Klein.\" \/>\n<meta property=\"og:url\" content=\"https:\/\/www.kuebler-sport.de\/blog\/sportstation2-interview-dominik-klein\/\" \/>\n<meta property=\"og:site_name\" content=\"K\u00fcbler Sport Magazin\" \/>\n<meta property=\"article:publisher\" content=\"https:\/\/www.facebook.com\/KueblerSport\" \/>\n<meta property=\"article:published_time\" content=\"2023-10-03T06:04:00+00:00\" \/>\n<meta property=\"article:modified_time\" content=\"2026-04-08T11:46:04+00:00\" \/>\n<meta property=\"og:image\" content=\"https:\/\/www.kuebler-sport.de\/blog\/wp-content\/uploads\/2023\/09\/20221103_Kids-Camp-Laim_STICKEL_429.jpg\" \/>\n\t<meta property=\"og:image:width\" content=\"1500\" \/>\n\t<meta property=\"og:image:height\" content=\"1000\" \/>\n\t<meta property=\"og:image:type\" content=\"image\/jpeg\" \/>\n<meta name=\"author\" content=\"K\u00fcbler Sport Redaktion\" \/>\n<meta name=\"twitter:card\" content=\"summary_large_image\" \/>\n<meta name=\"twitter:creator\" content=\"@omkuebler\" \/>\n<meta name=\"twitter:label1\" content=\"Verfasst von\" \/>\n\t<meta name=\"twitter:data1\" content=\"K\u00fcbler Sport Redaktion\" \/>\n\t<meta name=\"twitter:label2\" content=\"Gesch\u00e4tzte Lesezeit\" \/>\n\t<meta name=\"twitter:data2\" content=\"4\u00a0Minuten\" \/>\n<!-- \/ Yoast SEO plugin. -->","yoast_head_json":{"title":"Wie die sportstation2 Kinder bewegt | K\u00fcbler Sport Magazin","description":"K\u00fcbler Sport im Interview mit dem Botschafter der sportstation & Handballweltmeister Dominik Klein.","robots":{"index":"index","follow":"follow","max-snippet":"max-snippet:-1","max-image-preview":"max-image-preview:large","max-video-preview":"max-video-preview:-1"},"canonical":"https:\/\/www.kuebler-sport.de\/blog\/sportstation2-interview-dominik-klein\/","og_locale":"de_DE","og_type":"article","og_title":"Wie die sportstation2 Kinder bewegt | K\u00fcbler Sport Magazin","og_description":"K\u00fcbler Sport im Interview mit dem Botschafter der sportstation & Handballweltmeister Dominik Klein.","og_url":"https:\/\/www.kuebler-sport.de\/blog\/sportstation2-interview-dominik-klein\/","og_site_name":"K\u00fcbler Sport Magazin","article_publisher":"https:\/\/www.facebook.com\/KueblerSport","article_published_time":"2023-10-03T06:04:00+00:00","article_modified_time":"2026-04-08T11:46:04+00:00","og_image":[{"width":1500,"height":1000,"url":"https:\/\/www.kuebler-sport.de\/blog\/wp-content\/uploads\/2023\/09\/20221103_Kids-Camp-Laim_STICKEL_429.jpg","type":"image\/jpeg"}],"author":"K\u00fcbler Sport Redaktion","twitter_card":"summary_large_image","twitter_creator":"@omkuebler","twitter_misc":{"Verfasst von":"K\u00fcbler Sport Redaktion","Gesch\u00e4tzte Lesezeit":"4\u00a0Minuten"},"schema":{"@context":"https:\/\/schema.org","@graph":[{"@type":"Article","@id":"https:\/\/www.kuebler-sport.de\/blog\/sportstation2-interview-dominik-klein\/#article","isPartOf":{"@id":"https:\/\/www.kuebler-sport.de\/blog\/sportstation2-interview-dominik-klein\/"},"author":{"name":"K\u00fcbler Sport Redaktion","@id":"https:\/\/www.kuebler-sport.de\/blog\/#\/schema\/person\/f430b57db08050d0bcac7d0013d41806"},"headline":"Wie die sportstation2 Kinder bewegt","datePublished":"2023-10-03T06:04:00+00:00","dateModified":"2026-04-08T11:46:04+00:00","mainEntityOfPage":{"@id":"https:\/\/www.kuebler-sport.de\/blog\/sportstation2-interview-dominik-klein\/"},"wordCount":514,"publisher":{"@id":"https:\/\/www.kuebler-sport.de\/blog\/#organization"},"image":{"@id":"https:\/\/www.kuebler-sport.de\/blog\/sportstation2-interview-dominik-klein\/#primaryimage"},"thumbnailUrl":"https:\/\/www.kuebler-sport.de\/blog\/wp-content\/uploads\/2023\/09\/20221103_Kids-Camp-Laim_STICKEL_429.jpg","keywords":["Interview","Schulsport","Spielideen","Vereinssport"],"articleSection":["Vereins- &amp; Schulsport"],"inLanguage":"de"},{"@type":"WebPage","@id":"https:\/\/www.kuebler-sport.de\/blog\/sportstation2-interview-dominik-klein\/","url":"https:\/\/www.kuebler-sport.de\/blog\/sportstation2-interview-dominik-klein\/","name":"Wie die sportstation2 Kinder bewegt | K\u00fcbler Sport Magazin","isPartOf":{"@id":"https:\/\/www.kuebler-sport.de\/blog\/#website"},"primaryImageOfPage":{"@id":"https:\/\/www.kuebler-sport.de\/blog\/sportstation2-interview-dominik-klein\/#primaryimage"},"image":{"@id":"https:\/\/www.kuebler-sport.de\/blog\/sportstation2-interview-dominik-klein\/#primaryimage"},"thumbnailUrl":"https:\/\/www.kuebler-sport.de\/blog\/wp-content\/uploads\/2023\/09\/20221103_Kids-Camp-Laim_STICKEL_429.jpg","datePublished":"2023-10-03T06:04:00+00:00","dateModified":"2026-04-08T11:46:04+00:00","description":"K\u00fcbler Sport im Interview mit dem Botschafter der sportstation & Handballweltmeister Dominik Klein.","breadcrumb":{"@id":"https:\/\/www.kuebler-sport.de\/blog\/sportstation2-interview-dominik-klein\/#breadcrumb"},"inLanguage":"de","potentialAction":[{"@type":"ReadAction","target":["https:\/\/www.kuebler-sport.de\/blog\/sportstation2-interview-dominik-klein\/"]}]},{"@type":"ImageObject","inLanguage":"de","@id":"https:\/\/www.kuebler-sport.de\/blog\/sportstation2-interview-dominik-klein\/#primaryimage","url":"https:\/\/www.kuebler-sport.de\/blog\/wp-content\/uploads\/2023\/09\/20221103_Kids-Camp-Laim_STICKEL_429.jpg","contentUrl":"https:\/\/www.kuebler-sport.de\/blog\/wp-content\/uploads\/2023\/09\/20221103_Kids-Camp-Laim_STICKEL_429.jpg","width":1500,"height":1000},{"@type":"BreadcrumbList","@id":"https:\/\/www.kuebler-sport.de\/blog\/sportstation2-interview-dominik-klein\/#breadcrumb","itemListElement":[{"@type":"ListItem","position":1,"name":"Startseite","item":"https:\/\/www.kuebler-sport.de\/blog\/"},{"@type":"ListItem","position":2,"name":"Wie die sportstation2 Kinder bewegt"}]},{"@type":"WebSite","@id":"https:\/\/www.kuebler-sport.de\/blog\/#website","url":"https:\/\/www.kuebler-sport.de\/blog\/","name":"K\u00fcbler Sport Magazin","description":"Wir leben den Sportsgeist!","publisher":{"@id":"https:\/\/www.kuebler-sport.de\/blog\/#organization"},"potentialAction":[{"@type":"SearchAction","target":{"@type":"EntryPoint","urlTemplate":"https:\/\/www.kuebler-sport.de\/blog\/?s={search_term_string}"},"query-input":{"@type":"PropertyValueSpecification","valueRequired":true,"valueName":"search_term_string"}}],"inLanguage":"de"},{"@type":"Organization","@id":"https:\/\/www.kuebler-sport.de\/blog\/#organization","name":"K\u00fcbler Sport","url":"https:\/\/www.kuebler-sport.de\/blog\/","logo":{"@type":"ImageObject","inLanguage":"de","@id":"https:\/\/www.kuebler-sport.de\/blog\/#\/schema\/logo\/image\/","url":"https:\/\/www.kuebler-sport.de\/blog\/wp-content\/uploads\/2024\/04\/Kuebler_Sport-Logo-rgb.png","contentUrl":"https:\/\/www.kuebler-sport.de\/blog\/wp-content\/uploads\/2024\/04\/Kuebler_Sport-Logo-rgb.png","width":738,"height":148,"caption":"K\u00fcbler Sport"},"image":{"@id":"https:\/\/www.kuebler-sport.de\/blog\/#\/schema\/logo\/image\/"},"sameAs":["https:\/\/www.facebook.com\/KueblerSport","https:\/\/www.instagram.com\/kueblersport\/","https:\/\/www.youtube.com\/c\/kuebler-sport-de","https:\/\/de.linkedin.com\/company\/k\u00fcbler-sport-gmbh"]},{"@type":"Person","@id":"https:\/\/www.kuebler-sport.de\/blog\/#\/schema\/person\/f430b57db08050d0bcac7d0013d41806","name":"K\u00fcbler Sport Redaktion","sameAs":["https:\/\/x.com\/omkuebler"]}]}},"_links":{"self":[{"href":"https:\/\/www.kuebler-sport.de\/blog\/wp-json\/wp\/v2\/posts\/24535","targetHints":{"allow":["GET"]}}],"collection":[{"href":"https:\/\/www.kuebler-sport.de\/blog\/wp-json\/wp\/v2\/posts"}],"about":[{"href":"https:\/\/www.kuebler-sport.de\/blog\/wp-json\/wp\/v2\/types\/post"}],"author":[{"embeddable":true,"href":"https:\/\/www.kuebler-sport.de\/blog\/wp-json\/wp\/v2\/users\/13"}],"replies":[{"embeddable":true,"href":"https:\/\/www.kuebler-sport.de\/blog\/wp-json\/wp\/v2\/comments?post=24535"}],"version-history":[{"count":28,"href":"https:\/\/www.kuebler-sport.de\/blog\/wp-json\/wp\/v2\/posts\/24535\/revisions"}],"predecessor-version":[{"id":32855,"href":"https:\/\/www.kuebler-sport.de\/blog\/wp-json\/wp\/v2\/posts\/24535\/revisions\/32855"}],"wp:featuredmedia":[{"embeddable":true,"href":"https:\/\/www.kuebler-sport.de\/blog\/wp-json\/wp\/v2\/media\/24554"}],"wp:attachment":[{"href":"https:\/\/www.kuebler-sport.de\/blog\/wp-json\/wp\/v2\/media?parent=24535"}],"wp:term":[{"taxonomy":"category","embeddable":true,"href":"https:\/\/www.kuebler-sport.de\/blog\/wp-json\/wp\/v2\/categories?post=24535"},{"taxonomy":"post_tag","embeddable":true,"href":"https:\/\/www.kuebler-sport.de\/blog\/wp-json\/wp\/v2\/tags?post=24535"}],"curies":[{"name":"wp","href":"https:\/\/api.w.org\/{rel}","templated":true}]}}