{"id":2608,"date":"2019-01-25T13:53:32","date_gmt":"2019-01-25T11:53:32","guid":{"rendered":"https:\/\/www.kuebler-sport.de\/blog\/?p=2608"},"modified":"2026-04-15T15:29:26","modified_gmt":"2026-04-15T13:29:26","slug":"gewichtstherapie","status":"publish","type":"post","link":"https:\/\/www.kuebler-sport.de\/blog\/gewichtstherapie\/","title":{"rendered":"Gewichtsdecken und Sandwesten in der Therapie"},"content":{"rendered":"\n<p>Gewichtsdecken und Sandwesten basieren auf einem faszinierenden Prinzip: der Tiefendruckstimulation, die therapeutische Auswirkungen auf K\u00f6rper und Psyche haben kann. In diesem Artikel wird erl\u00e4utert, wie die Hilfsmittel der Gewichtstherapie funktionieren und eingesetzt werden.<\/p>\n\n\n\n<figure class=\"wp-block-image size-large\"><img loading=\"lazy\" decoding=\"async\" width=\"1024\" height=\"764\" src=\"https:\/\/www.kuebler-sport.de\/blog\/wp-content\/uploads\/2019\/01\/T6031_B01-1024x764.jpg\" alt=\"Gewichtsdecke\" class=\"wp-image-28071\" srcset=\"https:\/\/www.kuebler-sport.de\/blog\/wp-content\/uploads\/2019\/01\/T6031_B01-1024x764.jpg 1024w, https:\/\/www.kuebler-sport.de\/blog\/wp-content\/uploads\/2019\/01\/T6031_B01-300x224.jpg 300w, https:\/\/www.kuebler-sport.de\/blog\/wp-content\/uploads\/2019\/01\/T6031_B01-768x573.jpg 768w, https:\/\/www.kuebler-sport.de\/blog\/wp-content\/uploads\/2019\/01\/T6031_B01-1536x1146.jpg 1536w, https:\/\/www.kuebler-sport.de\/blog\/wp-content\/uploads\/2019\/01\/T6031_B01-2048x1528.jpg 2048w, https:\/\/www.kuebler-sport.de\/blog\/wp-content\/uploads\/2019\/01\/T6031_B01-696x519.jpg 696w, https:\/\/www.kuebler-sport.de\/blog\/wp-content\/uploads\/2019\/01\/T6031_B01-1392x1038.jpg 1392w, https:\/\/www.kuebler-sport.de\/blog\/wp-content\/uploads\/2019\/01\/T6031_B01-1068x797.jpg 1068w, https:\/\/www.kuebler-sport.de\/blog\/wp-content\/uploads\/2019\/01\/T6031_B01-1920x1432.jpg 1920w\" sizes=\"auto, (max-width: 1024px) 100vw, 1024px\" \/><figcaption class=\"wp-element-caption\">Gewichtstherapie mit Sanddecke<\/figcaption><\/figure>\n\n\n\n<h2 class=\"wp-block-heading\">Wie wirken Gewichtsdecken und Gewichtswesten?<\/h2>\n\n\n\n<p>Gewichtsdecken und Gewichtswesten, auch als <a href=\"https:\/\/www.kuebler-sport.de\/therapiebedarf\/ergotherapie\/sandtherapie\/sanddecken\/\">Sanddecken<\/a> und <a href=\"https:\/\/www.kuebler-sport.de\/therapiebedarf\/ergotherapie\/sandtherapie\/sandwesten\/\">Sandwesten<\/a> bekannt, wirken durch das Prinzip der Tiefendruckstimulation. Diese Hilfsmittel \u00fcben gleichm\u00e4\u00dfigen Druck auf den K\u00f6rper aus, was verschiedene positive physiologische und psychologische Effekte hat:<\/p>\n\n\n\n<ul class=\"wp-block-list\">\n<li><strong>Aktivierung des Nervensystems:<\/strong> Der gleichm\u00e4\u00dfige Druck stimuliert das propriozeptive System und verbessert das K\u00f6rperbewusstsein.<\/li>\n\n\n\n<li><strong>Entspannung und Beruhigung:<\/strong> Der Druck f\u00f6rdert die Aussch\u00fcttung von Gl\u00fcckshormonen wie Serotonin und Endorphinen und unterst\u00fctzt die Regulierung des Schlafhormons Melatonin. Dies kann zu einer allgemeinen Entspannung beitragen.<\/li>\n\n\n\n<li><strong>Angst- und Stressreduktion:<\/strong> Die Anwendung kann das parasympathische Nervensystem aktivieren, was zu einer Verringerung von Angstzust\u00e4nden und Stress f\u00fchrt.<\/li>\n\n\n\n<li><strong>Konzentrationsf\u00f6rderung:<\/strong> Der Druck kann die F\u00e4higkeit zur Fokussierung verbessern, indem er \u00fcberm\u00e4\u00dfige motorische Unruhe verringert.<\/li>\n<\/ul>\n\n\n\n<p>Insgesamt unterst\u00fctzen Gewichtsdecken und Therapiewesten ein Gef\u00fchl von Sicherheit und Geborgenheit und k\u00f6nnen zur Verbesserung des allgemeinen Wohlbefindens beitragen.<\/p>\n\n\n\n<h2 class=\"wp-block-heading\">Anwendungsbereiche der Gewichtstherapie<\/h2>\n\n\n\n<p>Die Anwendungsbereiche f\u00fcr Sandwesten und Gewichtsdecken sind vielf\u00e4ltig. Besonders bei Wahrnehmungsst\u00f6rungen, ADHS und Autismus k\u00f6nnen Gewichtsdecken und -westen eingesetzt werden, um die Reizverarbeitung zu unterst\u00fctzen und eine verbesserte sensorische Integration zu f\u00f6rdern.<\/p>\n\n\n\n<ul class=\"wp-block-list\">\n<li>Wahrnehmungsst\u00f6rungen: Unterst\u00fctzung bei der Reizverarbeitung<\/li>\n\n\n\n<li>Kognitive Einschr\u00e4nkungen: Verbesserung der Konzentration<\/li>\n\n\n\n<li>K\u00f6rperliche und geistige Beeintr\u00e4chtigungen: F\u00f6rderung der motorischen Kontrolle<\/li>\n\n\n\n<li>Hyperaktivit\u00e4t und motorische Unruhe: Beruhigung und Fokussierung<\/li>\n\n\n\n<li>Ein- und Durchschlafprobleme: Verbesserung der Schlafqualit\u00e4t<\/li>\n\n\n\n<li>Aufmerksamkeitsst\u00f6rungen (ADS\/ADHS): Unterst\u00fctzung bei der Impulskontrolle<\/li>\n\n\n\n<li>Autismus-Spektrum-St\u00f6rungen: F\u00f6rderung der sensorischen Integration<\/li>\n\n\n\n<li>Demenz: Verbesserung des Wohlbefindens<\/li>\n\n\n\n<li>Schlaganfall: Unterst\u00fctzung bei der Rehabilitation<\/li>\n\n\n\n<li>Wachkoma: Stimulation der Wahrnehmung<\/li>\n\n\n\n<li>Trisomie 21: Unterst\u00fctzung der motorischen Entwicklung<\/li>\n\n\n\n<li>Angstst\u00f6rungen: Reduktion von Angstgef\u00fchlen<\/li>\n\n\n\n<li>Stressbedingte St\u00f6rungen: Unterst\u00fctzung bei der Entspannung<\/li>\n\n\n\n<li>Posttraumatische Belastungsst\u00f6rung (PTBS): F\u00f6rderung der emotionalen Stabilit\u00e4t<\/li>\n<\/ul>\n\n\n\n<pre class=\"wp-block-verse\"><strong>Wichtig:<\/strong> Sandwesten bzw. Gewichtsdecken ersetzen keine Therapieformen, sondern werden lediglich erg\u00e4nzend eingesetzt.<\/pre>\n\n\n\n<h2 class=\"wp-block-heading\">Ab welchem Alter sind Gewichtsdecken und Sandwesten geeignet?<\/h2>\n\n\n\n<p>Es gibt keine Altersbeschr\u00e4nkung f\u00fcr den Einsatz von Gewichtsdecken und -westen. Es sollte jedoch sichergestellt werden, dass die Westen und Decken jederzeit abgelegt werden k\u00f6nnen. Empfohlen wird eine Beurteilung durch einen Experten, der sich mit sensorischer Integration und der individuellen Situation des Anwenders auskennt.<\/p>\n\n\n\n<figure class=\"wp-block-image size-large\"><img decoding=\"async\" src=\"https:\/\/www.kuebler-sport.de\/blog\/wp-content\/uploads\/2024\/05\/T6017-12_B01-1-edited.jpg\" alt=\"Gewichtsweste\" class=\"wp-image-28073\"\/><\/figure>\n\n\n\n<h2 class=\"wp-block-heading\">K\u00f6nnen Nebenwirkungen beim Gebrauch von Sandwesten auftreten?<\/h2>\n\n\n\n<p>Bei k\u00f6rperlich gesunden Menschen sind meist keine Nebenwirkungen zu erwarten. Jedoch sollten Beim Einsatz von Sandwesten sollten einige medizinische Hinweise beachtet werden, und es ist ratsam, die Anwendung vorher mit einem Arzt abzusprechen:<\/p>\n\n\n\n<ul class=\"wp-block-list\">\n<li><strong>Hautreizungen:<\/strong> Empfindliche Haut kann Druckstellen oder Reizungen entwickeln. Regelm\u00e4\u00dfige Kontrollen sind wichtig.<\/li>\n\n\n\n<li><strong>Kreislaufprobleme:<\/strong> Personen mit bestehenden Kreislaufbeschwerden sollten vorsichtig sein, da der zus\u00e4tzliche Druck die Symptome verschlimmern k\u00f6nnte.<\/li>\n\n\n\n<li><strong>Atembeschwerden:<\/strong> Nutzer mit Atemwegserkrankungen wie Asthma k\u00f6nnten Probleme haben, weshalb eine \u00e4rztliche Kl\u00e4rung empfohlen wird.<\/li>\n\n\n\n<li><strong>Muskelverspannungen:<\/strong> Falscher Gebrauch kann zu Verspannungen f\u00fchren. Eine korrekte Anpassung ist entscheidend.<\/li>\n\n\n\n<li><strong>Psychische Belastungen:<\/strong> Bei bestimmten psychischen Erkrankungen kann der Druck sowohl beruhigend als auch belastend wirken.<\/li>\n<\/ul>\n\n\n\n<p>Die Verwendung von Sandwesten sollte stets auf die individuelle Situation des Nutzers abgestimmt werden.<\/p>\n\n\n\n<pre class=\"wp-block-verse\"><strong>Wichtig:<\/strong> Wird die Weste oder Decke vom Nutzer abgelehnt, ist von einem Einsatz abzusehen. Die Gewichtswesten und Gewichtsdecken sollten freiwillig und ohne jeglichen Zwang getragen werden.<\/pre>\n\n\n<div class=\"lazyblock-cta-banner-Si4NA wp-block-lazyblock-cta-banner\"><div class=\"cta-banner\">\r\n  <div class=\"cta-column\">\r\n    <div class=\"cta-title\">Gewichtswesten &amp; Gewichtsdecken im Shop finden<\/div>\r\n    <p class=\"cta-text\">Im K\u00fcbler Sport Onlineshop findest du eine gro\u00dfe Auswahl an Sanddecken und Sandwesten f\u00fcr Therapiezwecke.<\/p>\r\n  <\/div>\r\n  <div class=\"cta-buttonstandard\" style=\"margin-left: 18px;\">\r\n    <a href=\"https:\/\/www.kuebler-sport.de\/therapiebedarf\/ergotherapie\/sandtherapie\/\" alt=\"Zum Shop\" title=\"Zum Shop\">Zum Shop<\/a>\r\n  <\/div>\r\n<\/div><\/div>","protected":false},"excerpt":{"rendered":"<p>Gewichtsdecken und Sandwesten basieren auf einem faszinierenden Prinzip: der Tiefendruckstimulation, die therapeutische Auswirkungen auf K\u00f6rper und Psyche haben kann. In diesem Artikel wird erl\u00e4utert, wie die Hilfsmittel der Gewichtstherapie funktionieren und eingesetzt werden. Wie wirken Gewichtsdecken und Gewichtswesten? Gewichtsdecken und Gewichtswesten, auch als Sanddecken und Sandwesten bekannt, wirken durch das Prinzip der Tiefendruckstimulation. Diese Hilfsmittel [&hellip;]<\/p>\n","protected":false},"author":13,"featured_media":28070,"comment_status":"open","ping_status":"open","sticky":false,"template":"","format":"standard","meta":{"footnotes":""},"categories":[1370],"tags":[352,443,40,1566],"class_list":{"0":"post-2608","1":"post","2":"type-post","3":"status-publish","4":"format-standard","5":"has-post-thumbnail","8":"tag-entspannung","9":"tag-ergotherapie","10":"tag-gesundheit","11":"tag-therapiegeraet"},"yoast_head":"<!-- This site is optimized with the Yoast SEO plugin v27.5 - https:\/\/yoast.com\/product\/yoast-seo-wordpress\/ -->\n<title>Gewichtsdecken und Sandwesten in der Therapie | K\u00fcbler Sport Magazin<\/title>\n<meta name=\"description\" content=\"Was sind Gewichtswesten und Gewichtsdecken? Der Einsatz von Sandwesten kann bei einigen Krankheiten und Beschwerden eingesetzt werden.\" \/>\n<meta name=\"robots\" content=\"index, follow, max-snippet:-1, max-image-preview:large, max-video-preview:-1\" \/>\n<link rel=\"canonical\" href=\"https:\/\/www.kuebler-sport.de\/blog\/gewichtstherapie\/\" \/>\n<meta property=\"og:locale\" content=\"de_DE\" \/>\n<meta property=\"og:type\" content=\"article\" \/>\n<meta property=\"og:title\" content=\"Gewichtsdecken und Sandwesten in der Therapie | K\u00fcbler Sport Magazin\" \/>\n<meta property=\"og:description\" content=\"Was sind Gewichtswesten und Gewichtsdecken? Der Einsatz von Sandwesten kann bei einigen Krankheiten und Beschwerden eingesetzt werden.\" \/>\n<meta property=\"og:url\" content=\"https:\/\/www.kuebler-sport.de\/blog\/gewichtstherapie\/\" \/>\n<meta property=\"og:site_name\" content=\"K\u00fcbler Sport Magazin\" \/>\n<meta property=\"article:publisher\" content=\"https:\/\/www.facebook.com\/KueblerSport\" \/>\n<meta property=\"article:published_time\" content=\"2019-01-25T11:53:32+00:00\" \/>\n<meta property=\"article:modified_time\" content=\"2026-04-15T13:29:26+00:00\" \/>\n<meta property=\"og:image\" content=\"https:\/\/www.kuebler-sport.de\/blog\/wp-content\/uploads\/2019\/01\/T6017-12_B02-1-768x1024.jpg\" \/>\n\t<meta property=\"og:image:width\" content=\"768\" \/>\n\t<meta property=\"og:image:height\" content=\"1024\" \/>\n\t<meta property=\"og:image:type\" content=\"image\/jpeg\" \/>\n<meta name=\"author\" content=\"K\u00fcbler Sport Redaktion\" \/>\n<meta name=\"twitter:card\" content=\"summary_large_image\" \/>\n<meta name=\"twitter:creator\" content=\"@omkuebler\" \/>\n<meta name=\"twitter:label1\" content=\"Verfasst von\" \/>\n\t<meta name=\"twitter:data1\" content=\"K\u00fcbler Sport Redaktion\" \/>\n\t<meta name=\"twitter:label2\" content=\"Gesch\u00e4tzte Lesezeit\" \/>\n\t<meta name=\"twitter:data2\" content=\"4\u00a0Minuten\" \/>\n<!-- \/ Yoast SEO plugin. -->","yoast_head_json":{"title":"Gewichtsdecken und Sandwesten in der Therapie | K\u00fcbler Sport Magazin","description":"Was sind Gewichtswesten und Gewichtsdecken? Der Einsatz von Sandwesten kann bei einigen Krankheiten und Beschwerden eingesetzt werden.","robots":{"index":"index","follow":"follow","max-snippet":"max-snippet:-1","max-image-preview":"max-image-preview:large","max-video-preview":"max-video-preview:-1"},"canonical":"https:\/\/www.kuebler-sport.de\/blog\/gewichtstherapie\/","og_locale":"de_DE","og_type":"article","og_title":"Gewichtsdecken und Sandwesten in der Therapie | K\u00fcbler Sport Magazin","og_description":"Was sind Gewichtswesten und Gewichtsdecken? Der Einsatz von Sandwesten kann bei einigen Krankheiten und Beschwerden eingesetzt werden.","og_url":"https:\/\/www.kuebler-sport.de\/blog\/gewichtstherapie\/","og_site_name":"K\u00fcbler Sport Magazin","article_publisher":"https:\/\/www.facebook.com\/KueblerSport","article_published_time":"2019-01-25T11:53:32+00:00","article_modified_time":"2026-04-15T13:29:26+00:00","og_image":[{"width":768,"height":1024,"url":"https:\/\/www.kuebler-sport.de\/blog\/wp-content\/uploads\/2019\/01\/T6017-12_B02-1-768x1024.jpg","type":"image\/jpeg"}],"author":"K\u00fcbler Sport Redaktion","twitter_card":"summary_large_image","twitter_creator":"@omkuebler","twitter_misc":{"Verfasst von":"K\u00fcbler Sport Redaktion","Gesch\u00e4tzte Lesezeit":"4\u00a0Minuten"},"schema":{"@context":"https:\/\/schema.org","@graph":[{"@type":"Article","@id":"https:\/\/www.kuebler-sport.de\/blog\/gewichtstherapie\/#article","isPartOf":{"@id":"https:\/\/www.kuebler-sport.de\/blog\/gewichtstherapie\/"},"author":{"name":"K\u00fcbler Sport Redaktion","@id":"https:\/\/www.kuebler-sport.de\/blog\/#\/schema\/person\/f430b57db08050d0bcac7d0013d41806"},"headline":"Gewichtsdecken und Sandwesten in der Therapie","datePublished":"2019-01-25T11:53:32+00:00","dateModified":"2026-04-15T13:29:26+00:00","mainEntityOfPage":{"@id":"https:\/\/www.kuebler-sport.de\/blog\/gewichtstherapie\/"},"wordCount":519,"commentCount":0,"publisher":{"@id":"https:\/\/www.kuebler-sport.de\/blog\/#organization"},"image":{"@id":"https:\/\/www.kuebler-sport.de\/blog\/gewichtstherapie\/#primaryimage"},"thumbnailUrl":"https:\/\/www.kuebler-sport.de\/blog\/wp-content\/uploads\/2019\/01\/T6017-12_B02-1.jpg","keywords":["Entspannung","Ergotherapie","Gesundheit","Therapieger\u00e4t"],"articleSection":["Therapie &amp; Gesundheit"],"inLanguage":"de","potentialAction":[{"@type":"CommentAction","name":"Comment","target":["https:\/\/www.kuebler-sport.de\/blog\/gewichtstherapie\/#respond"]}]},{"@type":"WebPage","@id":"https:\/\/www.kuebler-sport.de\/blog\/gewichtstherapie\/","url":"https:\/\/www.kuebler-sport.de\/blog\/gewichtstherapie\/","name":"Gewichtsdecken und Sandwesten in der Therapie | K\u00fcbler Sport Magazin","isPartOf":{"@id":"https:\/\/www.kuebler-sport.de\/blog\/#website"},"primaryImageOfPage":{"@id":"https:\/\/www.kuebler-sport.de\/blog\/gewichtstherapie\/#primaryimage"},"image":{"@id":"https:\/\/www.kuebler-sport.de\/blog\/gewichtstherapie\/#primaryimage"},"thumbnailUrl":"https:\/\/www.kuebler-sport.de\/blog\/wp-content\/uploads\/2019\/01\/T6017-12_B02-1.jpg","datePublished":"2019-01-25T11:53:32+00:00","dateModified":"2026-04-15T13:29:26+00:00","description":"Was sind Gewichtswesten und Gewichtsdecken? Der Einsatz von Sandwesten kann bei einigen Krankheiten und Beschwerden eingesetzt werden.","breadcrumb":{"@id":"https:\/\/www.kuebler-sport.de\/blog\/gewichtstherapie\/#breadcrumb"},"inLanguage":"de","potentialAction":[{"@type":"ReadAction","target":["https:\/\/www.kuebler-sport.de\/blog\/gewichtstherapie\/"]}]},{"@type":"ImageObject","inLanguage":"de","@id":"https:\/\/www.kuebler-sport.de\/blog\/gewichtstherapie\/#primaryimage","url":"https:\/\/www.kuebler-sport.de\/blog\/wp-content\/uploads\/2019\/01\/T6017-12_B02-1.jpg","contentUrl":"https:\/\/www.kuebler-sport.de\/blog\/wp-content\/uploads\/2019\/01\/T6017-12_B02-1.jpg","width":1772,"height":2362},{"@type":"BreadcrumbList","@id":"https:\/\/www.kuebler-sport.de\/blog\/gewichtstherapie\/#breadcrumb","itemListElement":[{"@type":"ListItem","position":1,"name":"Startseite","item":"https:\/\/www.kuebler-sport.de\/blog\/"},{"@type":"ListItem","position":2,"name":"Gewichtsdecken und Sandwesten in der Therapie"}]},{"@type":"WebSite","@id":"https:\/\/www.kuebler-sport.de\/blog\/#website","url":"https:\/\/www.kuebler-sport.de\/blog\/","name":"K\u00fcbler Sport Magazin","description":"Wir leben den Sportsgeist!","publisher":{"@id":"https:\/\/www.kuebler-sport.de\/blog\/#organization"},"potentialAction":[{"@type":"SearchAction","target":{"@type":"EntryPoint","urlTemplate":"https:\/\/www.kuebler-sport.de\/blog\/?s={search_term_string}"},"query-input":{"@type":"PropertyValueSpecification","valueRequired":true,"valueName":"search_term_string"}}],"inLanguage":"de"},{"@type":"Organization","@id":"https:\/\/www.kuebler-sport.de\/blog\/#organization","name":"K\u00fcbler Sport","url":"https:\/\/www.kuebler-sport.de\/blog\/","logo":{"@type":"ImageObject","inLanguage":"de","@id":"https:\/\/www.kuebler-sport.de\/blog\/#\/schema\/logo\/image\/","url":"https:\/\/www.kuebler-sport.de\/blog\/wp-content\/uploads\/2024\/04\/Kuebler_Sport-Logo-rgb.png","contentUrl":"https:\/\/www.kuebler-sport.de\/blog\/wp-content\/uploads\/2024\/04\/Kuebler_Sport-Logo-rgb.png","width":738,"height":148,"caption":"K\u00fcbler Sport"},"image":{"@id":"https:\/\/www.kuebler-sport.de\/blog\/#\/schema\/logo\/image\/"},"sameAs":["https:\/\/www.facebook.com\/KueblerSport","https:\/\/www.instagram.com\/kueblersport\/","https:\/\/www.youtube.com\/c\/kuebler-sport-de","https:\/\/de.linkedin.com\/company\/k\u00fcbler-sport-gmbh"]},{"@type":"Person","@id":"https:\/\/www.kuebler-sport.de\/blog\/#\/schema\/person\/f430b57db08050d0bcac7d0013d41806","name":"K\u00fcbler Sport Redaktion","sameAs":["https:\/\/x.com\/omkuebler"]}]}},"_links":{"self":[{"href":"https:\/\/www.kuebler-sport.de\/blog\/wp-json\/wp\/v2\/posts\/2608","targetHints":{"allow":["GET"]}}],"collection":[{"href":"https:\/\/www.kuebler-sport.de\/blog\/wp-json\/wp\/v2\/posts"}],"about":[{"href":"https:\/\/www.kuebler-sport.de\/blog\/wp-json\/wp\/v2\/types\/post"}],"author":[{"embeddable":true,"href":"https:\/\/www.kuebler-sport.de\/blog\/wp-json\/wp\/v2\/users\/13"}],"replies":[{"embeddable":true,"href":"https:\/\/www.kuebler-sport.de\/blog\/wp-json\/wp\/v2\/comments?post=2608"}],"version-history":[{"count":8,"href":"https:\/\/www.kuebler-sport.de\/blog\/wp-json\/wp\/v2\/posts\/2608\/revisions"}],"predecessor-version":[{"id":32449,"href":"https:\/\/www.kuebler-sport.de\/blog\/wp-json\/wp\/v2\/posts\/2608\/revisions\/32449"}],"wp:featuredmedia":[{"embeddable":true,"href":"https:\/\/www.kuebler-sport.de\/blog\/wp-json\/wp\/v2\/media\/28070"}],"wp:attachment":[{"href":"https:\/\/www.kuebler-sport.de\/blog\/wp-json\/wp\/v2\/media?parent=2608"}],"wp:term":[{"taxonomy":"category","embeddable":true,"href":"https:\/\/www.kuebler-sport.de\/blog\/wp-json\/wp\/v2\/categories?post=2608"},{"taxonomy":"post_tag","embeddable":true,"href":"https:\/\/www.kuebler-sport.de\/blog\/wp-json\/wp\/v2\/tags?post=2608"}],"curies":[{"name":"wp","href":"https:\/\/api.w.org\/{rel}","templated":true}]}}