{"id":26465,"date":"2024-03-12T07:17:00","date_gmt":"2024-03-12T06:17:00","guid":{"rendered":"https:\/\/www.kuebler-sport.de\/blog\/?p=26465"},"modified":"2026-04-14T13:12:46","modified_gmt":"2026-04-14T11:12:46","slug":"kampfsport-koerperschutz","status":"publish","type":"post","link":"https:\/\/www.kuebler-sport.de\/blog\/kampfsport-koerperschutz\/","title":{"rendered":"K\u00f6rperschutz im Kampfsport \u2013 Was wird ben\u00f6tigt?"},"content":{"rendered":"\n<p>Kampfsport ist eine vielf\u00e4ltige Disziplin, die sowohl k\u00f6rperliche Fitness als auch mentale Disziplin erfordert. Zum eigenen Schutz der Kampfsportler, aber auch um Verletzungen beim Trainingspartner oder Gegner zu vermeiden, sollte stets der passende <a href=\"https:\/\/www.kuebler-sport.de\/kampfsport\/\">Kampfsport<\/a>-K\u00f6rperschutz genutzt werden. Je nach Kampfsportart z\u00e4hlen verschiedenste Bestandteile zur\u00a0Schutzausr\u00fcstung.<\/p>\n\n\n\n<h2 class=\"wp-block-heading\">Schutzausr\u00fcstung f\u00fcr den Kampfsport<\/h2>\n\n\n\n<h3 class=\"wp-block-heading\">Handschoner und Handschuhe<\/h3>\n\n\n\n<p>Handschoner und <a href=\"https:\/\/www.kuebler-sport.de\/kampfsport\/boxen\/boxhandschuhe\/\">Boxhandschuhe<\/a> sch\u00fctzen nicht nur die eigenen H\u00e4nde vor Verletzungen, sondern dienen auch dazu, die Intensit\u00e4t der Schl\u00e4ge zu reduzieren und somit das Verletzungsrisiko f\u00fcr den Trainingspartner zu minimieren. Die Polsterung erm\u00f6glicht eine sichere Aus\u00fcbung der Techniken. Unter Boxhandschuhen sollte man immer <a href=\"https:\/\/www.kuebler-sport.de\/kampfsport\/boxen\/boxbandagen\/\">Boxbandagen<\/a> tragen. Sie dienen zur Hygiene und stabilisieren zus\u00e4tzlich die Gelenke an der Hand.<\/p>\n\n\n\n<h3 class=\"wp-block-heading\">Kopfschutz<\/h3>\n\n\n\n<p>Der Kopfschutz sch\u00fctzt den Kopf vor Verletzungen durch Schl\u00e4ge oder Tritte und kann ernsthafte Kopfverletzungen verhindern. Ein qualitativ hochwertiger Kopfschutz sollte eine gute Polsterung sowie eine sichere Befestigung bieten. Es gibt Ausf\u00fchrungen mit oder ohne Metallgitterfront&nbsp;bzw. Gesichtsschutz.<\/p>\n\n\n\n<figure class=\"wp-block-image size-large\"><img decoding=\"async\" src=\"https:\/\/www.kuebler-sport.de\/blog\/wp-content\/uploads\/2024\/03\/hermes-rivera-qbf59TU077Q-unsplash-edited-scaled.jpg\" alt=\"boxen K\u00f6rperschutz\" class=\"wp-image-26530\"\/><figcaption class=\"wp-element-caption\">Boxer mit <a href=\"https:\/\/www.kuebler-sport.de\/kampfsport\/boxen\/koerperschutz\/\">K\u00f6rperschutz<\/a><\/figcaption><\/figure>\n\n\n\n<h3 class=\"wp-block-heading\">Mundschutz<\/h3>\n\n\n\n<p>Der Mundschutz oder auch Zahnschutz ist ein entscheidendes Element in vielen Kampfsportarten. Er wird in den Mund eingesetzt, um die Z\u00e4hne vor Schl\u00e4gen oder St\u00f6\u00dfen zu sch\u00fctzen und gleichzeitig den Kiefer zu stabilisieren. Der Mundschutz minimiert das Risiko von Zahnverlust, Kieferverletzungen und auch Gehirnersch\u00fctterungen. Mund-\/Zahnsch\u00fctzer gibt es in verschiedenen Ausf\u00fchrungen, von vorgeformten bis hin zu individuell anpassbaren Varianten.<\/p>\n\n\n\n<h3 class=\"wp-block-heading\">Protektoren<\/h3>\n\n\n\n<p>Protektoren sind Schutzausr\u00fcstungen f\u00fcr den Kampfsport, die spezifische K\u00f6rperteile vor Verletzungen sch\u00fctzen, indem sie St\u00f6\u00dfe absorbieren und die Belastung verteilen. In Kampfsportarten wie Taekwondo oder Kickboxen geh\u00f6ren Schienbeinsch\u00fctzer, Tiefschutz bei M\u00e4nnern sowie Brustschutz bei Frauen immer dazu, um die empfindlichen K\u00f6rperbereiche zu sch\u00fctzen.<\/p>\n\n\n\n<figure class=\"wp-block-image size-large\"><img loading=\"lazy\" decoding=\"async\" width=\"2560\" height=\"1440\" src=\"https:\/\/www.kuebler-sport.de\/blog\/wp-content\/uploads\/2024\/03\/daniil-zanevskiy-NIZS__PjZyM-unsplash-edited-1-scaled.jpg\" alt=\"Schutzausr\u00fcstung kampfsport\" class=\"wp-image-26531\" srcset=\"https:\/\/www.kuebler-sport.de\/blog\/wp-content\/uploads\/2024\/03\/daniil-zanevskiy-NIZS__PjZyM-unsplash-edited-1-scaled.jpg 2560w, https:\/\/www.kuebler-sport.de\/blog\/wp-content\/uploads\/2024\/03\/daniil-zanevskiy-NIZS__PjZyM-unsplash-edited-1-300x169.jpg 300w, https:\/\/www.kuebler-sport.de\/blog\/wp-content\/uploads\/2024\/03\/daniil-zanevskiy-NIZS__PjZyM-unsplash-edited-1-1024x576.jpg 1024w, https:\/\/www.kuebler-sport.de\/blog\/wp-content\/uploads\/2024\/03\/daniil-zanevskiy-NIZS__PjZyM-unsplash-edited-1-768x432.jpg 768w, https:\/\/www.kuebler-sport.de\/blog\/wp-content\/uploads\/2024\/03\/daniil-zanevskiy-NIZS__PjZyM-unsplash-edited-1-1536x864.jpg 1536w, https:\/\/www.kuebler-sport.de\/blog\/wp-content\/uploads\/2024\/03\/daniil-zanevskiy-NIZS__PjZyM-unsplash-edited-1-2048x1152.jpg 2048w, https:\/\/www.kuebler-sport.de\/blog\/wp-content\/uploads\/2024\/03\/daniil-zanevskiy-NIZS__PjZyM-unsplash-edited-1-696x392.jpg 696w, https:\/\/www.kuebler-sport.de\/blog\/wp-content\/uploads\/2024\/03\/daniil-zanevskiy-NIZS__PjZyM-unsplash-edited-1-1392x783.jpg 1392w, https:\/\/www.kuebler-sport.de\/blog\/wp-content\/uploads\/2024\/03\/daniil-zanevskiy-NIZS__PjZyM-unsplash-edited-1-1068x601.jpg 1068w, https:\/\/www.kuebler-sport.de\/blog\/wp-content\/uploads\/2024\/03\/daniil-zanevskiy-NIZS__PjZyM-unsplash-edited-1-1920x1080.jpg 1920w\" sizes=\"auto, (max-width: 2560px) 100vw, 2560px\" \/><figcaption class=\"wp-element-caption\">Schienbeinsch\u00fctzer als K\u00f6rperschutz im Kampfsport<\/figcaption><\/figure>\n\n\n\n<h3 class=\"wp-block-heading\">Kampfwesten \/ Schutzwesten<\/h3>\n\n\n\n<p>Kampfwesten oder Schutzwesten sind speziell entwickelte Kampfsportschutzausr\u00fcstungen, die als Bauchschutz dienen, den Brustkorb, R\u00fccken und die Seiten des K\u00f6rpers sch\u00fctzen. Die gepolsterte Konstruktion absorbiert St\u00f6\u00dfe und verteilt die Energie, wodurch das Verletzungsrisiko reduziert wird und die Sportler sicherer k\u00e4mpfen k\u00f6nnen.<\/p>\n\n\n\n<figure class=\"wp-block-image size-large\"><img loading=\"lazy\" decoding=\"async\" width=\"2560\" height=\"1440\" src=\"https:\/\/www.kuebler-sport.de\/blog\/wp-content\/uploads\/2024\/03\/AdobeStock_269121619-edited-scaled.jpeg\" alt=\"Kampfsport Schutzausr\u00fcstung\" class=\"wp-image-26534\" srcset=\"https:\/\/www.kuebler-sport.de\/blog\/wp-content\/uploads\/2024\/03\/AdobeStock_269121619-edited-scaled.jpeg 2560w, https:\/\/www.kuebler-sport.de\/blog\/wp-content\/uploads\/2024\/03\/AdobeStock_269121619-edited-300x169.jpeg 300w, https:\/\/www.kuebler-sport.de\/blog\/wp-content\/uploads\/2024\/03\/AdobeStock_269121619-edited-1024x576.jpeg 1024w, https:\/\/www.kuebler-sport.de\/blog\/wp-content\/uploads\/2024\/03\/AdobeStock_269121619-edited-768x432.jpeg 768w, https:\/\/www.kuebler-sport.de\/blog\/wp-content\/uploads\/2024\/03\/AdobeStock_269121619-edited-1536x864.jpeg 1536w, https:\/\/www.kuebler-sport.de\/blog\/wp-content\/uploads\/2024\/03\/AdobeStock_269121619-edited-2048x1152.jpeg 2048w, https:\/\/www.kuebler-sport.de\/blog\/wp-content\/uploads\/2024\/03\/AdobeStock_269121619-edited-696x392.jpeg 696w, https:\/\/www.kuebler-sport.de\/blog\/wp-content\/uploads\/2024\/03\/AdobeStock_269121619-edited-1392x783.jpeg 1392w, https:\/\/www.kuebler-sport.de\/blog\/wp-content\/uploads\/2024\/03\/AdobeStock_269121619-edited-1068x601.jpeg 1068w, https:\/\/www.kuebler-sport.de\/blog\/wp-content\/uploads\/2024\/03\/AdobeStock_269121619-edited-1920x1080.jpeg 1920w\" sizes=\"auto, (max-width: 2560px) 100vw, 2560px\" \/><figcaption class=\"wp-element-caption\">Taekwondo Wettkampf mit <a href=\"https:\/\/www.kuebler-sport.de\/kampfsport\/karate-taekwondo\/koerperschutz\/\">K\u00f6rperschutz<\/a> | borisblik \u2013 stock.adobe.com<\/figcaption><\/figure>\n\n\n\n<h3 class=\"wp-block-heading\">Kampfsport Anzug<\/h3>\n\n\n\n<p>Der Kampfsportanzug ist das charakteristische Kleidungsst\u00fcck in Kampfsportarten wie Judo oder Karate. Er besteht aus einer Jacke sowie einer Hose und dient neben der symbolischen Bedeutung dazu, den K\u00f6rper zu bedecken und gleichzeitig Schutz vor Hautabsch\u00fcrfungen und Verletzungen zu bieten. Der robuste Stoff und die verst\u00e4rkten N\u00e4hte machen den Anzug strapazierf\u00e4hig und langlebig, w\u00e4hrend er den Athleten Bewegungsfreiheit und Komfort bietet, um ihre Techniken sicher auszuf\u00fchren. Der G\u00fcrtel h\u00e4lt den Anzug fest zusammen. Au\u00dferdem soll der Knoten Druck auf den K\u00f6rpermittelpunkt aus\u00fcben, wo sich nach japanischem Glauben unsere Lebenskraft und Seele befinden.<\/p>\n\n\n\n<figure class=\"wp-block-image size-large\"><img decoding=\"async\" src=\"https:\/\/www.kuebler-sport.de\/blog\/wp-content\/uploads\/2024\/03\/samuel-castro-MS_RP-Lba0U-unsplash-edited-scaled.jpg\" alt=\"Kampfsportanzug schutz\" class=\"wp-image-26532\"\/><figcaption class=\"wp-element-caption\">Judoanzug als Teil des K\u00f6rperschutzes<\/figcaption><\/figure>\n\n\n\n<h2 class=\"wp-block-heading\">K\u00f6rperschutz \u2013 Anforderungen je Kampfsportart<\/h2>\n\n\n\n<p>Die ben\u00f6tigte Schutzausr\u00fcstung variiert je nach Kampfsportart. Au\u00dferdem gibt es verschiedene Arten von K\u00f6rperschutz, die im Wettkampf oder je nach Bedarf im Training eingesetzt werden.<\/p>\n\n\n\n<p>Allerdings k\u00f6nnen sich die Vorgaben f\u00fcr die Kampfsport Schutzausr\u00fcstung je nach Veranstaltung und Wettkampfregeln unterscheiden. Einige Organisationen legen spezifische Anforderungen an die Gr\u00f6\u00dfe und das Material der Schutzausr\u00fcstung fest, w\u00e4hrend andere bestimmte Marken oder Modelle vorschreiben k\u00f6nnen. Die Vorgaben dienen dazu, die Sicherheit der Athleten zu gew\u00e4hrleisten und faire Wettkampfbedingungen zu schaffen. <\/p>\n\n\n\n<p>Im Training sowie f\u00fcr Anf\u00e4nger ist der K\u00f6rperschutz oft umfangreicher, um Verletzungen vorzubeugen, w\u00e4hrend im Wettkampf leichtere und flexiblere Ausr\u00fcstung verwendet wird, um maximale Bewegungsfreiheit zu gew\u00e4hrleisten. Im Training ist oft der Trainer bzw. die Trainerin das Vorbild der Kampfsportler, was K\u00f6rperschutz angeht. Daher sollte immer mit gutem Beispiel vorangegangen werden, um intensiv und verletzungsfrei zu trainieren.<\/p>\n\n\n\n<figure class=\"wp-block-table\"><table><tbody><tr><td><\/td><td><strong>Ben\u00f6tigte<\/strong> <strong>Schutzausr\u00fcstung<\/strong>*<\/td><td><strong>Weitere optionale Schutzausr\u00fcstung<\/strong><\/td><\/tr><tr><td><strong><a href=\"https:\/\/www.kuebler-sport.de\/kampfsport\/boxen\/\">Boxen<\/a><\/strong><\/td><td>&#8211; Boxhandschuhe<br>&#8211; Boxbandagen<br>&#8211; Mundschutz<\/td><td>&#8211; Kopfschutz<br>&#8211; Tiefschutz<br>&#8211; Brustschutz (Damen)<\/td><\/tr><tr><td><strong><a href=\"https:\/\/www.kuebler-sport.de\/kampfsport\/judo\/\">Judo<\/a><\/strong><\/td><td>&#8211; Judoanzug (Judogi) mit Judog\u00fcrtel<br><\/td><td>&#8211; Schienbeinschoner \/ Spannschutz<br>&#8211; Kn\u00f6chelschutz&nbsp;<br>&#8211; Tiefschutz<br>&#8211; Knieschutz<br>&#8211; Ellenbogenschutz<br><\/td><\/tr><tr><td><strong><a href=\"https:\/\/www.kuebler-sport.de\/kampfsport\/karate-taekwondo\/\">Karate<\/a><\/strong><br>Sh\u014dt\u014dkan<\/td><td>&#8211; Karateanzug (Gi) mit G\u00fcrtel<\/td><td>&#8211; Zahnschutz<br>&#8211; Tiefschutz (Herren)<br>&#8211; Brustschutz (Damen)<br>&#8211; Faustschutz (Tsuki)<br>&#8211; Schienbeinschoner \/ Spannschutz<br>&#8211; Fu\u00dfsch\u00fctzer<\/td><\/tr><tr><td><strong><a href=\"https:\/\/www.kuebler-sport.de\/kampfsport\/karate-taekwondo\/\">Taekwondo<\/a><\/strong><\/td><td>&#8211; Taekwondo Anzug<br>&#8211; Schutzweste<br>&#8211; Schutzhelm<br>&#8211; Zahnschutz<br>&#8211; Tiefschutz<br>&#8211; Unterarmsch\u00fctzer<br>&#8211; Schienbeinschoner<br>&#8211; Handschoner<\/td><td><\/td><\/tr><tr><td><strong>Kickboxen<\/strong><\/td><td>&#8211; Boxhandschuhe<br>&#8211; Schienbeinschoner<br>&#8211; Fu\u00dfschutz<br>&#8211; Bandagen<br>&#8211; Tiefschutz (M\u00e4nner)<br>&#8211; Brustschutz (Frauen)<br>&#8211; Mundschutz<br>&#8211; Kopfschutz<\/td><td><\/td><\/tr><\/tbody><\/table><figcaption class=\"wp-element-caption\"><br>* Abweichungen des K\u00f6rperschutzes je Kampfsport-Wettkampf m\u00f6glich.<\/figcaption><\/figure>\n","protected":false},"excerpt":{"rendered":"<p>Kampfsport ist eine vielf\u00e4ltige Disziplin, die sowohl k\u00f6rperliche Fitness als auch mentale Disziplin erfordert. Zum eigenen Schutz der Kampfsportler, aber auch um Verletzungen beim Trainingspartner oder Gegner zu vermeiden, sollte stets der passende Kampfsport-K\u00f6rperschutz genutzt werden. Je nach Kampfsportart z\u00e4hlen verschiedenste Bestandteile zur\u00a0Schutzausr\u00fcstung. Schutzausr\u00fcstung f\u00fcr den Kampfsport Handschoner und Handschuhe Handschoner und Boxhandschuhe sch\u00fctzen nicht [&hellip;]<\/p>\n","protected":false},"author":13,"featured_media":26536,"comment_status":"closed","ping_status":"closed","sticky":false,"template":"","format":"standard","meta":{"footnotes":""},"categories":[1368],"tags":[218,962,22,1173],"class_list":{"0":"post-26465","1":"post","2":"type-post","3":"status-publish","4":"format-standard","5":"has-post-thumbnail","7":"category-vereinssport-schulsport","8":"tag-boxen","9":"tag-kampfsport","10":"tag-sicherheit","11":"tag-wettkampf"},"yoast_head":"<!-- This site is optimized with the Yoast SEO plugin v27.5 - https:\/\/yoast.com\/product\/yoast-seo-wordpress\/ -->\n<title>K\u00f6rperschutz im Kampfsport \u2013 Was wird ben\u00f6tigt? | K\u00fcbler Sport Magazin<\/title>\n<meta name=\"description\" content=\"K\u00f6rperschutz im Kampfsport: Kopfschutz, Protektoren, Mundschutz &amp; mehr: Welche Schutzausr\u00fcstung wird f\u00fcr welche Kampfsportart ben\u00f6tigt?\" \/>\n<meta name=\"robots\" content=\"index, follow, max-snippet:-1, max-image-preview:large, max-video-preview:-1\" \/>\n<link rel=\"canonical\" href=\"https:\/\/www.kuebler-sport.de\/blog\/kampfsport-koerperschutz\/\" \/>\n<meta property=\"og:locale\" content=\"de_DE\" \/>\n<meta property=\"og:type\" content=\"article\" \/>\n<meta property=\"og:title\" content=\"K\u00f6rperschutz im Kampfsport \u2013 Was wird ben\u00f6tigt? | K\u00fcbler Sport Magazin\" \/>\n<meta property=\"og:description\" content=\"K\u00f6rperschutz im Kampfsport: Kopfschutz, Protektoren, Mundschutz &amp; mehr: Welche Schutzausr\u00fcstung wird f\u00fcr welche Kampfsportart ben\u00f6tigt?\" \/>\n<meta property=\"og:url\" content=\"https:\/\/www.kuebler-sport.de\/blog\/kampfsport-koerperschutz\/\" \/>\n<meta property=\"og:site_name\" content=\"K\u00fcbler Sport Magazin\" \/>\n<meta property=\"article:publisher\" content=\"https:\/\/www.facebook.com\/KueblerSport\" \/>\n<meta property=\"article:published_time\" content=\"2024-03-12T06:17:00+00:00\" \/>\n<meta property=\"article:modified_time\" content=\"2026-04-14T11:12:46+00:00\" \/>\n<meta property=\"og:image\" content=\"https:\/\/www.kuebler-sport.de\/blog\/wp-content\/uploads\/2024\/03\/nathan-dumlao-QMhc3D_zwJ0-unsplash-scaled-e1709735390209.jpg\" \/>\n\t<meta property=\"og:image:width\" content=\"1706\" \/>\n\t<meta property=\"og:image:height\" content=\"1280\" \/>\n\t<meta property=\"og:image:type\" content=\"image\/jpeg\" \/>\n<meta name=\"author\" content=\"K\u00fcbler Sport Redaktion\" \/>\n<meta name=\"twitter:card\" content=\"summary_large_image\" \/>\n<meta name=\"twitter:creator\" content=\"@omkuebler\" \/>\n<meta name=\"twitter:label1\" content=\"Verfasst von\" \/>\n\t<meta name=\"twitter:data1\" content=\"K\u00fcbler Sport Redaktion\" \/>\n\t<meta name=\"twitter:label2\" content=\"Gesch\u00e4tzte Lesezeit\" \/>\n\t<meta name=\"twitter:data2\" content=\"5\u00a0Minuten\" \/>\n<!-- \/ Yoast SEO plugin. -->","yoast_head_json":{"title":"K\u00f6rperschutz im Kampfsport \u2013 Was wird ben\u00f6tigt? | K\u00fcbler Sport Magazin","description":"K\u00f6rperschutz im Kampfsport: Kopfschutz, Protektoren, Mundschutz & mehr: Welche Schutzausr\u00fcstung wird f\u00fcr welche Kampfsportart ben\u00f6tigt?","robots":{"index":"index","follow":"follow","max-snippet":"max-snippet:-1","max-image-preview":"max-image-preview:large","max-video-preview":"max-video-preview:-1"},"canonical":"https:\/\/www.kuebler-sport.de\/blog\/kampfsport-koerperschutz\/","og_locale":"de_DE","og_type":"article","og_title":"K\u00f6rperschutz im Kampfsport \u2013 Was wird ben\u00f6tigt? | K\u00fcbler Sport Magazin","og_description":"K\u00f6rperschutz im Kampfsport: Kopfschutz, Protektoren, Mundschutz & mehr: Welche Schutzausr\u00fcstung wird f\u00fcr welche Kampfsportart ben\u00f6tigt?","og_url":"https:\/\/www.kuebler-sport.de\/blog\/kampfsport-koerperschutz\/","og_site_name":"K\u00fcbler Sport Magazin","article_publisher":"https:\/\/www.facebook.com\/KueblerSport","article_published_time":"2024-03-12T06:17:00+00:00","article_modified_time":"2026-04-14T11:12:46+00:00","og_image":[{"width":1706,"height":1280,"url":"https:\/\/www.kuebler-sport.de\/blog\/wp-content\/uploads\/2024\/03\/nathan-dumlao-QMhc3D_zwJ0-unsplash-scaled-e1709735390209.jpg","type":"image\/jpeg"}],"author":"K\u00fcbler Sport Redaktion","twitter_card":"summary_large_image","twitter_creator":"@omkuebler","twitter_misc":{"Verfasst von":"K\u00fcbler Sport Redaktion","Gesch\u00e4tzte Lesezeit":"5\u00a0Minuten"},"schema":{"@context":"https:\/\/schema.org","@graph":[{"@type":"Article","@id":"https:\/\/www.kuebler-sport.de\/blog\/kampfsport-koerperschutz\/#article","isPartOf":{"@id":"https:\/\/www.kuebler-sport.de\/blog\/kampfsport-koerperschutz\/"},"author":{"name":"K\u00fcbler Sport Redaktion","@id":"https:\/\/www.kuebler-sport.de\/blog\/#\/schema\/person\/f430b57db08050d0bcac7d0013d41806"},"headline":"K\u00f6rperschutz im Kampfsport \u2013 Was wird ben\u00f6tigt?","datePublished":"2024-03-12T06:17:00+00:00","dateModified":"2026-04-14T11:12:46+00:00","mainEntityOfPage":{"@id":"https:\/\/www.kuebler-sport.de\/blog\/kampfsport-koerperschutz\/"},"wordCount":732,"publisher":{"@id":"https:\/\/www.kuebler-sport.de\/blog\/#organization"},"image":{"@id":"https:\/\/www.kuebler-sport.de\/blog\/kampfsport-koerperschutz\/#primaryimage"},"thumbnailUrl":"https:\/\/www.kuebler-sport.de\/blog\/wp-content\/uploads\/2024\/03\/nathan-dumlao-QMhc3D_zwJ0-unsplash-scaled-e1709735390209.jpg","keywords":["Boxen","Kampfsport","Sicherheit","Wettkampf"],"articleSection":["Vereins- &amp; Schulsport"],"inLanguage":"de"},{"@type":"WebPage","@id":"https:\/\/www.kuebler-sport.de\/blog\/kampfsport-koerperschutz\/","url":"https:\/\/www.kuebler-sport.de\/blog\/kampfsport-koerperschutz\/","name":"K\u00f6rperschutz im Kampfsport \u2013 Was wird ben\u00f6tigt? | K\u00fcbler Sport Magazin","isPartOf":{"@id":"https:\/\/www.kuebler-sport.de\/blog\/#website"},"primaryImageOfPage":{"@id":"https:\/\/www.kuebler-sport.de\/blog\/kampfsport-koerperschutz\/#primaryimage"},"image":{"@id":"https:\/\/www.kuebler-sport.de\/blog\/kampfsport-koerperschutz\/#primaryimage"},"thumbnailUrl":"https:\/\/www.kuebler-sport.de\/blog\/wp-content\/uploads\/2024\/03\/nathan-dumlao-QMhc3D_zwJ0-unsplash-scaled-e1709735390209.jpg","datePublished":"2024-03-12T06:17:00+00:00","dateModified":"2026-04-14T11:12:46+00:00","description":"K\u00f6rperschutz im Kampfsport: Kopfschutz, Protektoren, Mundschutz & mehr: Welche Schutzausr\u00fcstung wird f\u00fcr welche Kampfsportart ben\u00f6tigt?","breadcrumb":{"@id":"https:\/\/www.kuebler-sport.de\/blog\/kampfsport-koerperschutz\/#breadcrumb"},"inLanguage":"de","potentialAction":[{"@type":"ReadAction","target":["https:\/\/www.kuebler-sport.de\/blog\/kampfsport-koerperschutz\/"]}]},{"@type":"ImageObject","inLanguage":"de","@id":"https:\/\/www.kuebler-sport.de\/blog\/kampfsport-koerperschutz\/#primaryimage","url":"https:\/\/www.kuebler-sport.de\/blog\/wp-content\/uploads\/2024\/03\/nathan-dumlao-QMhc3D_zwJ0-unsplash-scaled-e1709735390209.jpg","contentUrl":"https:\/\/www.kuebler-sport.de\/blog\/wp-content\/uploads\/2024\/03\/nathan-dumlao-QMhc3D_zwJ0-unsplash-scaled-e1709735390209.jpg","width":1706,"height":1280},{"@type":"BreadcrumbList","@id":"https:\/\/www.kuebler-sport.de\/blog\/kampfsport-koerperschutz\/#breadcrumb","itemListElement":[{"@type":"ListItem","position":1,"name":"Startseite","item":"https:\/\/www.kuebler-sport.de\/blog\/"},{"@type":"ListItem","position":2,"name":"K\u00f6rperschutz im Kampfsport \u2013 Was wird ben\u00f6tigt?"}]},{"@type":"WebSite","@id":"https:\/\/www.kuebler-sport.de\/blog\/#website","url":"https:\/\/www.kuebler-sport.de\/blog\/","name":"K\u00fcbler Sport Magazin","description":"Wir leben den Sportsgeist!","publisher":{"@id":"https:\/\/www.kuebler-sport.de\/blog\/#organization"},"potentialAction":[{"@type":"SearchAction","target":{"@type":"EntryPoint","urlTemplate":"https:\/\/www.kuebler-sport.de\/blog\/?s={search_term_string}"},"query-input":{"@type":"PropertyValueSpecification","valueRequired":true,"valueName":"search_term_string"}}],"inLanguage":"de"},{"@type":"Organization","@id":"https:\/\/www.kuebler-sport.de\/blog\/#organization","name":"K\u00fcbler Sport","url":"https:\/\/www.kuebler-sport.de\/blog\/","logo":{"@type":"ImageObject","inLanguage":"de","@id":"https:\/\/www.kuebler-sport.de\/blog\/#\/schema\/logo\/image\/","url":"https:\/\/www.kuebler-sport.de\/blog\/wp-content\/uploads\/2024\/04\/Kuebler_Sport-Logo-rgb.png","contentUrl":"https:\/\/www.kuebler-sport.de\/blog\/wp-content\/uploads\/2024\/04\/Kuebler_Sport-Logo-rgb.png","width":738,"height":148,"caption":"K\u00fcbler Sport"},"image":{"@id":"https:\/\/www.kuebler-sport.de\/blog\/#\/schema\/logo\/image\/"},"sameAs":["https:\/\/www.facebook.com\/KueblerSport","https:\/\/www.instagram.com\/kueblersport\/","https:\/\/www.youtube.com\/c\/kuebler-sport-de","https:\/\/de.linkedin.com\/company\/k\u00fcbler-sport-gmbh"]},{"@type":"Person","@id":"https:\/\/www.kuebler-sport.de\/blog\/#\/schema\/person\/f430b57db08050d0bcac7d0013d41806","name":"K\u00fcbler Sport Redaktion","sameAs":["https:\/\/x.com\/omkuebler"]}]}},"_links":{"self":[{"href":"https:\/\/www.kuebler-sport.de\/blog\/wp-json\/wp\/v2\/posts\/26465","targetHints":{"allow":["GET"]}}],"collection":[{"href":"https:\/\/www.kuebler-sport.de\/blog\/wp-json\/wp\/v2\/posts"}],"about":[{"href":"https:\/\/www.kuebler-sport.de\/blog\/wp-json\/wp\/v2\/types\/post"}],"author":[{"embeddable":true,"href":"https:\/\/www.kuebler-sport.de\/blog\/wp-json\/wp\/v2\/users\/13"}],"replies":[{"embeddable":true,"href":"https:\/\/www.kuebler-sport.de\/blog\/wp-json\/wp\/v2\/comments?post=26465"}],"version-history":[{"count":32,"href":"https:\/\/www.kuebler-sport.de\/blog\/wp-json\/wp\/v2\/posts\/26465\/revisions"}],"predecessor-version":[{"id":26637,"href":"https:\/\/www.kuebler-sport.de\/blog\/wp-json\/wp\/v2\/posts\/26465\/revisions\/26637"}],"wp:featuredmedia":[{"embeddable":true,"href":"https:\/\/www.kuebler-sport.de\/blog\/wp-json\/wp\/v2\/media\/26536"}],"wp:attachment":[{"href":"https:\/\/www.kuebler-sport.de\/blog\/wp-json\/wp\/v2\/media?parent=26465"}],"wp:term":[{"taxonomy":"category","embeddable":true,"href":"https:\/\/www.kuebler-sport.de\/blog\/wp-json\/wp\/v2\/categories?post=26465"},{"taxonomy":"post_tag","embeddable":true,"href":"https:\/\/www.kuebler-sport.de\/blog\/wp-json\/wp\/v2\/tags?post=26465"}],"curies":[{"name":"wp","href":"https:\/\/api.w.org\/{rel}","templated":true}]}}