{"id":6994,"date":"2019-03-15T09:33:20","date_gmt":"2019-03-15T07:33:20","guid":{"rendered":"https:\/\/www.kuebler-sport.de\/blog\/?p=6994"},"modified":"2026-04-13T14:19:15","modified_gmt":"2026-04-13T12:19:15","slug":"motorik","status":"publish","type":"post","link":"https:\/\/www.kuebler-sport.de\/blog\/motorik\/","title":{"rendered":"Motorik \u2013 Bewegungsabl\u00e4ufe trainieren"},"content":{"rendered":"\n<p>Die Motorik entwickelt sich von den ersten Lebensmonaten bis ins Jugendalter und verl\u00e4uft dabei in Schritten, die das Zusammenspiel verschiedener k\u00f6rperlicher Grundeigenschaften f\u00f6rdern. Diese grundlegenden F\u00e4higkeiten \u2013 auch als konditionelle Eigenschaften bezeichnet \u2013 umfassen Kraft, Ausdauer, Beweglichkeit, Schnelligkeit und <a href=\"https:\/\/www.kuebler-sport.de\/vereinsbedarf\/trainingsbedarf\/koordinationsgeraete\/\">Koordination<\/a>. Sie bilden die Basis f\u00fcr alle grob- und feinmotorischen Bewegungsf\u00e4higkeiten und sind entscheidend f\u00fcr eine harmonische und vollst\u00e4ndige Bewegungsentwicklung.<\/p>\n\n\n\n<figure class=\"wp-block-image size-large\"><img loading=\"lazy\" decoding=\"async\" width=\"1024\" height=\"683\" src=\"https:\/\/www.kuebler-sport.de\/blog\/wp-content\/uploads\/2022\/08\/220722-9350-1024x683.jpg\" alt=\"Kinder Schulhof\" class=\"wp-image-18780\" srcset=\"https:\/\/www.kuebler-sport.de\/blog\/wp-content\/uploads\/2022\/08\/220722-9350-1024x683.jpg 1024w, https:\/\/www.kuebler-sport.de\/blog\/wp-content\/uploads\/2022\/08\/220722-9350-300x200.jpg 300w, https:\/\/www.kuebler-sport.de\/blog\/wp-content\/uploads\/2022\/08\/220722-9350-768x512.jpg 768w, https:\/\/www.kuebler-sport.de\/blog\/wp-content\/uploads\/2022\/08\/220722-9350-1536x1024.jpg 1536w, https:\/\/www.kuebler-sport.de\/blog\/wp-content\/uploads\/2022\/08\/220722-9350-2048x1365.jpg 2048w, https:\/\/www.kuebler-sport.de\/blog\/wp-content\/uploads\/2022\/08\/220722-9350-696x464.jpg 696w, https:\/\/www.kuebler-sport.de\/blog\/wp-content\/uploads\/2022\/08\/220722-9350-1392x928.jpg 1392w, https:\/\/www.kuebler-sport.de\/blog\/wp-content\/uploads\/2022\/08\/220722-9350-1068x712.jpg 1068w, https:\/\/www.kuebler-sport.de\/blog\/wp-content\/uploads\/2022\/08\/220722-9350-1920x1280.jpg 1920w, https:\/\/www.kuebler-sport.de\/blog\/wp-content\/uploads\/2022\/08\/220722-9350-630x420.jpg 630w, https:\/\/www.kuebler-sport.de\/blog\/wp-content\/uploads\/2022\/08\/220722-9350-1260x840.jpg 1260w\" sizes=\"auto, (max-width: 1024px) 100vw, 1024px\" \/><\/figure>\n\n\n\n<h2 class=\"wp-block-heading\">Grobmotorik<\/h2>\n\n\n\n<p>Die Grobmotorik umfasst gro\u00dfe Bewegungsabl\u00e4ufe, die in der Regel gro\u00dfe Muskelgruppen aktivieren. Zu den grobmotorischen F\u00e4higkeiten z\u00e4hlen:<\/p>\n\n\n\n<ul class=\"wp-block-list\">\n<li><strong>Laufen:<\/strong> Diese Grundf\u00e4higkeit bildet die Basis f\u00fcr viele sportliche Aktivit\u00e4ten.<\/li>\n\n\n\n<li><strong>Springen:<\/strong> Spr\u00fcnge erfordern Gleichgewicht und Koordinationsf\u00e4higkeiten.<\/li>\n\n\n\n<li><strong>Klettern:<\/strong> Diese F\u00e4higkeit f\u00f6rdert nicht nur die Muskulatur, sondern auch die Bewegungskoordination.<\/li>\n<\/ul>\n\n\n\n<p>F\u00fcr die Entwicklung der Grobmotorik sind grundlegende Eigenschaften erforderlich:<\/p>\n\n\n\n<ul class=\"wp-block-list\">\n<li><strong>Gleichgewichtsf\u00e4higkeit:<\/strong> Diese erm\u00f6glicht es, stabil zu bleiben, w\u00e4hrend Bewegungen ausgef\u00fchrt werden.<\/li>\n\n\n\n<li><strong>Kondition:<\/strong> Eine gute Ausdauer ist wichtig, um die Grobmotorik in verschiedenen Aktivit\u00e4ten einzusetzen.<\/li>\n\n\n\n<li><strong>Beweglichkeit:<\/strong> Flexibilit\u00e4t unterst\u00fctzt die Ausf\u00fchrung dynamischer Bewegungen.<\/li>\n<\/ul>\n\n\n\n<p>Die F\u00f6rderung grobmotorischer F\u00e4higkeiten erfolgt spielerisch durch Aktivit\u00e4ten wie Rennen, Balancieren auf schmalen Fl\u00e4chen oder Hindernisl\u00e4ufe.<\/p>\n\n\n\n<h2 class=\"wp-block-heading\">Feinmotorik<\/h2>\n\n\n\n<p>Die Feinmotorik bezieht sich auf pr\u00e4zise und kleine Bewegungen, die eine hohe Geschicklichkeit erfordern. Diese F\u00e4higkeiten sind entscheidend f\u00fcr viele allt\u00e4gliche Aktivit\u00e4ten. Beispiele f\u00fcr feinmotorische F\u00e4higkeiten sind:<\/p>\n\n\n\n<ul class=\"wp-block-list\">\n<li><strong>Stifthaltung:<\/strong> Die richtige Handhaltung ist wichtig f\u00fcr das Schreiben und Zeichnen.<\/li>\n\n\n\n<li><strong>Pinzettengriff:<\/strong> Diese Technik ist entscheidend beim Greifen kleiner Objekte und f\u00f6rdert die Geschicklichkeit der Finger.<\/li>\n<\/ul>\n\n\n\n<p>Einige wichtige Aspekte der Feinmotorik umfassen:<\/p>\n\n\n\n<ul class=\"wp-block-list\">\n<li><strong>Kraftdosierung:<\/strong> Die F\u00e4higkeit, die richtige Kraft anzuwenden, ist f\u00fcr pr\u00e4zise Bewegungen unerl\u00e4sslich.<\/li>\n\n\n\n<li><strong>Koordinative F\u00e4higkeiten:<\/strong> Diese helfen, die Bewegungen der H\u00e4nde und Finger genau zu steuern.<\/li>\n<\/ul>\n\n\n\n<p>Die F\u00f6rderung der Feinmotorik erfolgt durch gezielte \u00dcbungen wie Malen, Basteln oder das Spielen mit kleinen Baukl\u00f6tzen. Auch das Erlernen von Aktivit\u00e4ten wie Schneiden oder Kn\u00f6pfen kann die Feinmotorik der Kinder unterst\u00fctzen.<\/p>\n\n\n\n<h2 class=\"wp-block-heading\">Motorische Entwicklungsschritte<\/h2>\n\n\n\n<h3 class=\"wp-block-heading\">Entwicklung im Baby- und Kleinkindalter<\/h3>\n\n\n\n<p>Die Motorik entwickelt sich von Geburt an. Kinder erlernen grundlegende Bewegungen in ihrem eigenen Tempo, daher gibt es keine festen Zeitpunkte f\u00fcr das Erreichen einzelner Meilensteine. Typischerweise gehen Babys und Kleinkinder folgende Schritte durch:<\/p>\n\n\n\n<ul class=\"wp-block-list\">\n<li><strong>Kopfbewegungen:<\/strong> Kopf heben und senken, Umschauen im Liegen<\/li>\n\n\n\n<li><strong>Brust- und Schulterbewegungen:<\/strong> Erste St\u00fctz\u00fcbungen<\/li>\n\n\n\n<li><strong>Drehbewegungen:<\/strong> Erlernen der Drehbewegung<\/li>\n\n\n\n<li><strong>Gest\u00fctztes Sitzen<\/strong> und anschlie\u00dfend <strong>selbstst\u00e4ndiges Sitzen<\/strong><\/li>\n\n\n\n<li><strong>Gest\u00fctztes Stehen<\/strong> und sp\u00e4ter <strong>selbstst\u00e4ndiges Stehen<\/strong><\/li>\n\n\n\n<li><strong>Krabbeln<\/strong> und schlie\u00dflich <strong>selbstst\u00e4ndiges Gehen<\/strong><\/li>\n<\/ul>\n\n\n\n<h3 class=\"wp-block-heading\">Entwicklung im Grundschul- bis Jugendalter<\/h3>\n\n\n\n<p>Mit zunehmendem Alter erweitern Kinder ihre motorischen F\u00e4higkeiten durch komplexere Bewegungen und feinmotorische \u00dcbungen:<\/p>\n\n\n\n<ul class=\"wp-block-list\">\n<li><strong>Komplexe Bewegungen:<\/strong> Rennen, Balancieren, Werfen, Fangen, Springen<\/li>\n\n\n\n<li><strong>Feinmotorik:<\/strong> Erlernen von Schrift und Zeichnen<\/li>\n\n\n\n<li><strong>St\u00e4rkung von Grob- und Feinmotorik:<\/strong> Aufbau von Muskelkraft und Geschicklichkeit<\/li>\n<\/ul>\n\n\n\n<h2 class=\"wp-block-heading\">Einfluss von Bewegung und Umgebung<\/h2>\n\n\n\n<p>Die motorische Entwicklung eines Kindes h\u00e4ngt stark davon ab, wie viel Freiraum und Gelegenheit zur Bewegung gegeben wird. Regelm\u00e4\u00dfige, freie Bewegung f\u00f6rdert die Entwicklung neuer F\u00e4higkeiten und hilft, Hindernisse eigenst\u00e4ndig zu \u00fcberwinden.<\/p>\n\n\n\n<p>F\u00f6rderungstipps f\u00fcr Eltern und Erzieher:<\/p>\n\n\n\n<ul class=\"wp-block-list\">\n<li>Das Ausprobieren verschiedener Sportarten f\u00f6rdern, um motorische F\u00e4higkeiten weiterzuentwickeln<\/li>\n\n\n\n<li>Raum und Gelegenheit f\u00fcr freie Bewegung schaffen<\/li>\n\n\n\n<li>Vorbild sein: Aktive Eltern und Erzieher motivieren Kinder, sich ebenfalls zu bewegen<\/li>\n<\/ul>\n","protected":false},"excerpt":{"rendered":"<p>Die Motorik entwickelt sich von den ersten Lebensmonaten bis ins Jugendalter und verl\u00e4uft dabei in Schritten, die das Zusammenspiel verschiedener k\u00f6rperlicher Grundeigenschaften f\u00f6rdern. Diese grundlegenden F\u00e4higkeiten \u2013 auch als konditionelle Eigenschaften bezeichnet \u2013 umfassen Kraft, Ausdauer, Beweglichkeit, Schnelligkeit und Koordination. Sie bilden die Basis f\u00fcr alle grob- und feinmotorischen Bewegungsf\u00e4higkeiten und sind entscheidend f\u00fcr eine [&hellip;]<\/p>\n","protected":false},"author":13,"featured_media":27766,"comment_status":"closed","ping_status":"closed","sticky":false,"template":"","format":"standard","meta":{"footnotes":""},"categories":[1370],"tags":[24,25],"class_list":{"0":"post-6994","1":"post","2":"type-post","3":"status-publish","4":"format-standard","5":"has-post-thumbnail","7":"category-therapie-gesundheit","8":"tag-feinmotorik","9":"tag-motorik"},"yoast_head":"<!-- This site is optimized with the Yoast SEO plugin v27.5 - https:\/\/yoast.com\/product\/yoast-seo-wordpress\/ -->\n<title>Motorik \u2013 Bewegungsabl\u00e4ufe trainieren | K\u00fcbler Sport Magazin<\/title>\n<meta name=\"description\" content=\"Die Motorik beschreibt grunds\u00e4tzlich das Zusammenspiel bestimmter Muskeln um eine Bewegung auszuf\u00fchren. Unterschieden werden kann in der Motorik zwischen der \u201eGrobmotorik\u201c und der \u201eFeinmotorik\u201c.\" \/>\n<meta name=\"robots\" content=\"index, follow, max-snippet:-1, max-image-preview:large, max-video-preview:-1\" \/>\n<link rel=\"canonical\" href=\"https:\/\/www.kuebler-sport.de\/blog\/motorik\/\" \/>\n<meta property=\"og:locale\" content=\"de_DE\" \/>\n<meta property=\"og:type\" content=\"article\" \/>\n<meta property=\"og:title\" content=\"Motorik \u2013 Bewegungsabl\u00e4ufe trainieren | K\u00fcbler Sport Magazin\" \/>\n<meta property=\"og:description\" content=\"Die Motorik beschreibt grunds\u00e4tzlich das Zusammenspiel bestimmter Muskeln um eine Bewegung auszuf\u00fchren. Unterschieden werden kann in der Motorik zwischen der \u201eGrobmotorik\u201c und der \u201eFeinmotorik\u201c.\" \/>\n<meta property=\"og:url\" content=\"https:\/\/www.kuebler-sport.de\/blog\/motorik\/\" \/>\n<meta property=\"og:site_name\" content=\"K\u00fcbler Sport Magazin\" \/>\n<meta property=\"article:publisher\" content=\"https:\/\/www.facebook.com\/KueblerSport\" \/>\n<meta property=\"article:published_time\" content=\"2019-03-15T07:33:20+00:00\" \/>\n<meta property=\"article:modified_time\" content=\"2026-04-13T12:19:15+00:00\" \/>\n<meta property=\"og:image\" content=\"https:\/\/www.kuebler-sport.de\/blog\/wp-content\/uploads\/2024\/05\/81670-0838-edited-scaled-e1729689250534.jpg\" \/>\n\t<meta property=\"og:image:width\" content=\"1500\" \/>\n\t<meta property=\"og:image:height\" content=\"1125\" \/>\n\t<meta property=\"og:image:type\" content=\"image\/jpeg\" \/>\n<meta name=\"author\" content=\"K\u00fcbler Sport Redaktion\" \/>\n<meta name=\"twitter:card\" content=\"summary_large_image\" \/>\n<meta name=\"twitter:creator\" content=\"@omkuebler\" \/>\n<meta name=\"twitter:label1\" content=\"Verfasst von\" \/>\n\t<meta name=\"twitter:data1\" content=\"K\u00fcbler Sport Redaktion\" \/>\n\t<meta name=\"twitter:label2\" content=\"Gesch\u00e4tzte Lesezeit\" \/>\n\t<meta name=\"twitter:data2\" content=\"3\u00a0Minuten\" \/>\n<!-- \/ Yoast SEO plugin. -->","yoast_head_json":{"title":"Motorik \u2013 Bewegungsabl\u00e4ufe trainieren | K\u00fcbler Sport Magazin","description":"Die Motorik beschreibt grunds\u00e4tzlich das Zusammenspiel bestimmter Muskeln um eine Bewegung auszuf\u00fchren. Unterschieden werden kann in der Motorik zwischen der \u201eGrobmotorik\u201c und der \u201eFeinmotorik\u201c.","robots":{"index":"index","follow":"follow","max-snippet":"max-snippet:-1","max-image-preview":"max-image-preview:large","max-video-preview":"max-video-preview:-1"},"canonical":"https:\/\/www.kuebler-sport.de\/blog\/motorik\/","og_locale":"de_DE","og_type":"article","og_title":"Motorik \u2013 Bewegungsabl\u00e4ufe trainieren | K\u00fcbler Sport Magazin","og_description":"Die Motorik beschreibt grunds\u00e4tzlich das Zusammenspiel bestimmter Muskeln um eine Bewegung auszuf\u00fchren. Unterschieden werden kann in der Motorik zwischen der \u201eGrobmotorik\u201c und der \u201eFeinmotorik\u201c.","og_url":"https:\/\/www.kuebler-sport.de\/blog\/motorik\/","og_site_name":"K\u00fcbler Sport Magazin","article_publisher":"https:\/\/www.facebook.com\/KueblerSport","article_published_time":"2019-03-15T07:33:20+00:00","article_modified_time":"2026-04-13T12:19:15+00:00","og_image":[{"width":1500,"height":1125,"url":"https:\/\/www.kuebler-sport.de\/blog\/wp-content\/uploads\/2024\/05\/81670-0838-edited-scaled-e1729689250534.jpg","type":"image\/jpeg"}],"author":"K\u00fcbler Sport Redaktion","twitter_card":"summary_large_image","twitter_creator":"@omkuebler","twitter_misc":{"Verfasst von":"K\u00fcbler Sport Redaktion","Gesch\u00e4tzte Lesezeit":"3\u00a0Minuten"},"schema":{"@context":"https:\/\/schema.org","@graph":[{"@type":"Article","@id":"https:\/\/www.kuebler-sport.de\/blog\/motorik\/#article","isPartOf":{"@id":"https:\/\/www.kuebler-sport.de\/blog\/motorik\/"},"author":{"name":"K\u00fcbler Sport Redaktion","@id":"https:\/\/www.kuebler-sport.de\/blog\/#\/schema\/person\/f430b57db08050d0bcac7d0013d41806"},"headline":"Motorik \u2013 Bewegungsabl\u00e4ufe trainieren","datePublished":"2019-03-15T07:33:20+00:00","dateModified":"2026-04-13T12:19:15+00:00","mainEntityOfPage":{"@id":"https:\/\/www.kuebler-sport.de\/blog\/motorik\/"},"wordCount":544,"publisher":{"@id":"https:\/\/www.kuebler-sport.de\/blog\/#organization"},"image":{"@id":"https:\/\/www.kuebler-sport.de\/blog\/motorik\/#primaryimage"},"thumbnailUrl":"https:\/\/www.kuebler-sport.de\/blog\/wp-content\/uploads\/2024\/05\/81670-0838-edited-scaled-e1729689250534.jpg","keywords":["Feinmotorik","Motorik"],"articleSection":["Therapie &amp; Gesundheit"],"inLanguage":"de"},{"@type":"WebPage","@id":"https:\/\/www.kuebler-sport.de\/blog\/motorik\/","url":"https:\/\/www.kuebler-sport.de\/blog\/motorik\/","name":"Motorik \u2013 Bewegungsabl\u00e4ufe trainieren | K\u00fcbler Sport Magazin","isPartOf":{"@id":"https:\/\/www.kuebler-sport.de\/blog\/#website"},"primaryImageOfPage":{"@id":"https:\/\/www.kuebler-sport.de\/blog\/motorik\/#primaryimage"},"image":{"@id":"https:\/\/www.kuebler-sport.de\/blog\/motorik\/#primaryimage"},"thumbnailUrl":"https:\/\/www.kuebler-sport.de\/blog\/wp-content\/uploads\/2024\/05\/81670-0838-edited-scaled-e1729689250534.jpg","datePublished":"2019-03-15T07:33:20+00:00","dateModified":"2026-04-13T12:19:15+00:00","description":"Die Motorik beschreibt grunds\u00e4tzlich das Zusammenspiel bestimmter Muskeln um eine Bewegung auszuf\u00fchren. Unterschieden werden kann in der Motorik zwischen der \u201eGrobmotorik\u201c und der \u201eFeinmotorik\u201c.","breadcrumb":{"@id":"https:\/\/www.kuebler-sport.de\/blog\/motorik\/#breadcrumb"},"inLanguage":"de","potentialAction":[{"@type":"ReadAction","target":["https:\/\/www.kuebler-sport.de\/blog\/motorik\/"]}]},{"@type":"ImageObject","inLanguage":"de","@id":"https:\/\/www.kuebler-sport.de\/blog\/motorik\/#primaryimage","url":"https:\/\/www.kuebler-sport.de\/blog\/wp-content\/uploads\/2024\/05\/81670-0838-edited-scaled-e1729689250534.jpg","contentUrl":"https:\/\/www.kuebler-sport.de\/blog\/wp-content\/uploads\/2024\/05\/81670-0838-edited-scaled-e1729689250534.jpg","width":1500,"height":1125},{"@type":"BreadcrumbList","@id":"https:\/\/www.kuebler-sport.de\/blog\/motorik\/#breadcrumb","itemListElement":[{"@type":"ListItem","position":1,"name":"Startseite","item":"https:\/\/www.kuebler-sport.de\/blog\/"},{"@type":"ListItem","position":2,"name":"Motorik \u2013 Bewegungsabl\u00e4ufe trainieren"}]},{"@type":"WebSite","@id":"https:\/\/www.kuebler-sport.de\/blog\/#website","url":"https:\/\/www.kuebler-sport.de\/blog\/","name":"K\u00fcbler Sport Magazin","description":"Wir leben den Sportsgeist!","publisher":{"@id":"https:\/\/www.kuebler-sport.de\/blog\/#organization"},"potentialAction":[{"@type":"SearchAction","target":{"@type":"EntryPoint","urlTemplate":"https:\/\/www.kuebler-sport.de\/blog\/?s={search_term_string}"},"query-input":{"@type":"PropertyValueSpecification","valueRequired":true,"valueName":"search_term_string"}}],"inLanguage":"de"},{"@type":"Organization","@id":"https:\/\/www.kuebler-sport.de\/blog\/#organization","name":"K\u00fcbler Sport","url":"https:\/\/www.kuebler-sport.de\/blog\/","logo":{"@type":"ImageObject","inLanguage":"de","@id":"https:\/\/www.kuebler-sport.de\/blog\/#\/schema\/logo\/image\/","url":"https:\/\/www.kuebler-sport.de\/blog\/wp-content\/uploads\/2024\/04\/Kuebler_Sport-Logo-rgb.png","contentUrl":"https:\/\/www.kuebler-sport.de\/blog\/wp-content\/uploads\/2024\/04\/Kuebler_Sport-Logo-rgb.png","width":738,"height":148,"caption":"K\u00fcbler Sport"},"image":{"@id":"https:\/\/www.kuebler-sport.de\/blog\/#\/schema\/logo\/image\/"},"sameAs":["https:\/\/www.facebook.com\/KueblerSport","https:\/\/www.instagram.com\/kueblersport\/","https:\/\/www.youtube.com\/c\/kuebler-sport-de","https:\/\/de.linkedin.com\/company\/k\u00fcbler-sport-gmbh"]},{"@type":"Person","@id":"https:\/\/www.kuebler-sport.de\/blog\/#\/schema\/person\/f430b57db08050d0bcac7d0013d41806","name":"K\u00fcbler Sport Redaktion","sameAs":["https:\/\/x.com\/omkuebler"]}]}},"_links":{"self":[{"href":"https:\/\/www.kuebler-sport.de\/blog\/wp-json\/wp\/v2\/posts\/6994","targetHints":{"allow":["GET"]}}],"collection":[{"href":"https:\/\/www.kuebler-sport.de\/blog\/wp-json\/wp\/v2\/posts"}],"about":[{"href":"https:\/\/www.kuebler-sport.de\/blog\/wp-json\/wp\/v2\/types\/post"}],"author":[{"embeddable":true,"href":"https:\/\/www.kuebler-sport.de\/blog\/wp-json\/wp\/v2\/users\/13"}],"replies":[{"embeddable":true,"href":"https:\/\/www.kuebler-sport.de\/blog\/wp-json\/wp\/v2\/comments?post=6994"}],"version-history":[{"count":9,"href":"https:\/\/www.kuebler-sport.de\/blog\/wp-json\/wp\/v2\/posts\/6994\/revisions"}],"predecessor-version":[{"id":29911,"href":"https:\/\/www.kuebler-sport.de\/blog\/wp-json\/wp\/v2\/posts\/6994\/revisions\/29911"}],"wp:featuredmedia":[{"embeddable":true,"href":"https:\/\/www.kuebler-sport.de\/blog\/wp-json\/wp\/v2\/media\/27766"}],"wp:attachment":[{"href":"https:\/\/www.kuebler-sport.de\/blog\/wp-json\/wp\/v2\/media?parent=6994"}],"wp:term":[{"taxonomy":"category","embeddable":true,"href":"https:\/\/www.kuebler-sport.de\/blog\/wp-json\/wp\/v2\/categories?post=6994"},{"taxonomy":"post_tag","embeddable":true,"href":"https:\/\/www.kuebler-sport.de\/blog\/wp-json\/wp\/v2\/tags?post=6994"}],"curies":[{"name":"wp","href":"https:\/\/api.w.org\/{rel}","templated":true}]}}